{"id":7175,"date":"2025-06-03T14:13:56","date_gmt":"2025-06-03T12:13:56","guid":{"rendered":"http:\/\/3-lab.pl\/?p=7175"},"modified":"2025-06-03T14:28:11","modified_gmt":"2025-06-03T12:28:11","slug":"pplk-rez-maciej-korowaj-autorytet-w-dziedzinie-wojskowosci-i-analiz-strategicznych-goscil-na-spotkaniu-z-uczniami-oraz-przyjaciolmi-3-lab","status":"publish","type":"post","link":"https:\/\/3-lab.pl\/en\/2025\/06\/03\/pplk-rez-maciej-korowaj-autorytet-w-dziedzinie-wojskowosci-i-analiz-strategicznych-goscil-na-spotkaniu-z-uczniami-oraz-przyjaciolmi-3-lab\/","title":{"rendered":"Pp\u0142k rez. Maciej Korowaj, autorytet w dziedzinie wojskowo\u015bci i analiz strategicznych, go\u015bci\u0142 na spotkaniu z uczniami oraz przyjaci\u00f3\u0142mi 3 LAB."},"content":{"rendered":"<p data-start=\"171\" data-end=\"283\"><strong data-start=\"171\" data-end=\"283\">Spotkanie online z pp\u0142k. rez. Maciejem Korowajem\u00a0<\/strong><\/p>\n<p data-start=\"285\" data-end=\"600\">Dnia 20 maja 2025 roku odby\u0142o si\u0119 wyj\u0105tkowe spotkanie online po\u015bwi\u0119cone zagadnieniu wojny informacyjnej. <strong>Go\u015bciem wydarzenia by\u0142 ceniony ekspert o unikatowych kompetencjach &#8211;\u00a0 podpu\u0142kownik rezerwy Wojska Polskiego \u2013 pp\u0142k rez. Maciej Korowaj \u2013<\/strong> analityk wojskowy, by\u0142y oficer wywiadu, a obecnie komentator spraw mi\u0119dzynarodowych i ekspert w dziedzinie bezpiecze\u0144stwa.<\/p>\n<p data-start=\"602\" data-end=\"1081\">Pan pu\u0142kownik jest absolwentem Wy\u017cszej Szko\u0142y Oficerskiej im. Stefana Czarneckiego w Poznaniu, Uniwersytetu im. Adama Mickiewicza, Akademii Obrony Narodowej oraz Uniwersytetu Warszawskiego. W trakcie swojej kariery pe\u0142ni\u0142 funkcje w instytucjach centralnych Ministerstwa Obrony Narodowej, zyskuj\u0105c szerokie do\u015bwiadczenie w zakresie taktyki, operacji i strategii wojskowej. Jego analizy koncentruj\u0105 si\u0119 szczeg\u00f3lnie na obszarze Europy Wschodniej \u2013 w tym Bia\u0142orusi, Rosji i Ukrainie.<\/p>\n<p data-start=\"1083\" data-end=\"1561\">\u00a0Podczas spotkania, szczeg\u00f3lna uwaga zosta\u0142a po\u015bwi\u0119cona zjawisku dezinformacji \u2013 jako jednemu z g\u0142\u00f3wnych narz\u0119dzi destabilizacji spo\u0142ecznej i\u00a0 budowania fa\u0142szywych narracji. Uczestnicy mieli okazj\u0119 pozna\u0107 przyk\u0142ady dzia\u0142a\u0144 dezinformacyjnych, a tak\u017ce sposoby ich rozpoznawania. Prelegent zwraca\u0142 uwag\u0119 na selekcj\u0119 informacji, zwracanie uwagi na konteksty oraz sposoby dystrybucji. Nasz go\u015b\u0107 w przyst\u0119pny i obrazowy spos\u00f3b przybli\u017cy\u0142 uczestnikom z\u0142o\u017cono\u015b\u0107 zagro\u017ce\u0144 informacyjnych, si\u0119gaj\u0105c po unikatowe metafory. W innowacyjny spos\u00f3b przedstawi\u0142 kod kulturowy naszych s\u0105siad\u00f3w zza wschodniej granicy oraz zwr\u00f3ci\u0142 uwag\u0119 na &#8222;Operacj\u0119 Prometejsk\u0105&#8221; tajn\u0105 operacj\u0119 prowadzon\u0105 przez II Rzeczpospolit\u0105.<\/p>\n<p data-start=\"1563\" data-end=\"1822\">W spotkaniu wzi\u0119li udzia\u0142 uczniowie Pracowni Innowacji 3LAB z III LO w Gdyni, oraz jej przyjaciele zaanga\u017cowani w projekt &#8222;72H &#8211; budowanie odporno\u015bci na czas kryzysu&#8221;, kt\u00f3rzy w ramach projektu zajmuj\u0105 si\u0119 problematyk\u0105 wojny kognitywnej.<\/p>\n<p data-start=\"1824\" data-end=\"2184\">Serdecznie dzi\u0119kujemy Panu Pu\u0142kownikowi za inspiruj\u0105ce wyst\u0105pienie i za czas jaki po\u015bwi\u0119ci\u0142 m\u0142odym ludziom. Spotkanie by\u0142o nie tylko cenn\u0105 lekcj\u0105 z zakresu nowoczesnych zagro\u017ce\u0144 bezpiecze\u0144stwa, a tak\u017ce impulsem do g\u0142\u0119bszego namys\u0142u nad tym, jak kultura i \u015bwiadome my\u015blenie wp\u0142ywaj\u0105 na nasz\u0105 odporno\u015b\u0107 wobec dezinformacji.<\/p>\n<p data-start=\"1824\" data-end=\"2184\">Bardzo dzi\u0119kujemy!<\/p>\n<p data-start=\"1824\" data-end=\"2184\">Ekipa 3LAB i projektu &#8222;72H&#8221;<\/p>","protected":false},"excerpt":{"rendered":"<p>Spotkanie online z pp\u0142k. rez. Maciejem Korowajem\u00a0 Dnia 20 maja 2025 roku odby\u0142o si\u0119 wyj\u0105tkowe spotkanie online po\u015bwi\u0119cone zagadnieniu wojny informacyjnej. Go\u015bciem wydarzenia by\u0142 ceniony ekspert o unikatowych kompetencjach &#8211;\u00a0 podpu\u0142kownik rezerwy Wojska Polskiego \u2013 pp\u0142k rez. Maciej Korowaj \u2013 analityk wojskowy, by\u0142y oficer wywiadu, a obecnie komentator spraw mi\u0119dzynarodowych i ekspert w dziedzinie bezpiecze\u0144stwa. [&hellip;]<\/p>","protected":false},"author":2,"featured_media":7176,"comment_status":"closed","ping_status":"closed","sticky":false,"template":"","format":"standard","meta":{"spay_email":""},"categories":[1],"tags":[],"jetpack_featured_media_url":"https:\/\/3-lab.pl\/wp-content\/uploads\/2025\/06\/zGKUiErlGQRDShXcMzjj25VlNYObFn64myrajXls.jmfs_.png","_links":{"self":[{"href":"https:\/\/3-lab.pl\/en\/wp-json\/wp\/v2\/posts\/7175"}],"collection":[{"href":"https:\/\/3-lab.pl\/en\/wp-json\/wp\/v2\/posts"}],"about":[{"href":"https:\/\/3-lab.pl\/en\/wp-json\/wp\/v2\/types\/post"}],"author":[{"embeddable":true,"href":"https:\/\/3-lab.pl\/en\/wp-json\/wp\/v2\/users\/2"}],"replies":[{"embeddable":true,"href":"https:\/\/3-lab.pl\/en\/wp-json\/wp\/v2\/comments?post=7175"}],"version-history":[{"count":5,"href":"https:\/\/3-lab.pl\/en\/wp-json\/wp\/v2\/posts\/7175\/revisions"}],"predecessor-version":[{"id":7181,"href":"https:\/\/3-lab.pl\/en\/wp-json\/wp\/v2\/posts\/7175\/revisions\/7181"}],"wp:featuredmedia":[{"embeddable":true,"href":"https:\/\/3-lab.pl\/en\/wp-json\/wp\/v2\/media\/7176"}],"wp:attachment":[{"href":"https:\/\/3-lab.pl\/en\/wp-json\/wp\/v2\/media?parent=7175"}],"wp:term":[{"taxonomy":"category","embeddable":true,"href":"https:\/\/3-lab.pl\/en\/wp-json\/wp\/v2\/categories?post=7175"},{"taxonomy":"post_tag","embeddable":true,"href":"https:\/\/3-lab.pl\/en\/wp-json\/wp\/v2\/tags?post=7175"}],"curies":[{"name":"wp","href":"https:\/\/api.w.org\/{rel}","templated":true}]}}