{"id":7147,"date":"2025-04-16T10:42:23","date_gmt":"2025-04-16T08:42:23","guid":{"rendered":"http:\/\/3-lab.pl\/?p=7147"},"modified":"2025-04-16T10:42:23","modified_gmt":"2025-04-16T08:42:23","slug":"z-polski-na-swiatowe-sceny-spotkanie-podczas-wydarzenia-emmmigracja","status":"publish","type":"post","link":"https:\/\/3-lab.pl\/en\/2025\/04\/16\/z-polski-na-swiatowe-sceny-spotkanie-podczas-wydarzenia-emmmigracja\/","title":{"rendered":"Z Polski na \u015bwiatowe sceny \u2013 spotkanie podczas wydarzenia EMMMIGRACJA"},"content":{"rendered":"<p>14 kwietnia odby\u0142o si\u0119 wyj\u0105tkowe wydarzenie EMMMIGRACJA, zorganizowane przez<br \/>\nMuzeum Emigracji w Gdyni, uczni\u00f3w z III Liceum Og\u00f3lnokszta\u0142c\u0105cego im. Marynarki<br \/>\nWojennej RP oraz II Liceum Og\u00f3lnokszta\u0142c\u0105cego z Oddzia\u0142ami Dwuj\u0119zycznymi im. Adama<br \/>\nMickiewicza. Spotkanie odby\u0142o si\u0119 w godzinach porannych w Muzeum Emigracji i skupia\u0142o<br \/>\nsi\u0119 na przekazaniu wiedzy oraz do\u015bwiadczenia trzech go\u015bci z nietypowymi historiami.<br \/>\nWyst\u0105pi\u0142a Mi\u0142ka Fija\u0142kowska, dziennikarka, by\u0142a reporterka TVN, obecnie zwi\u0105zana z<br \/>\nredakcj\u0105 zagraniczn\u0105 TVP Info. Opisuje wydarzenia ze swoich licznych, kontrowersyjnych<br \/>\noraz czasem niebezpiecznych podr\u00f3\u017cy. Relacjonuje aktualne sytuacje na ka\u017cdym zak\u0105tku<br \/>\n\u015bwiata od Somali po Ukrain\u0119, stawia na a nie popularno\u015b\u0107. M\u00f3wi na prawa cz\u0142owieka i<br \/>\ndziecka, nie boji si\u0119 porusza\u0107 tematyki przemocy seksualnej i innych kwestii, kt\u00f3re s\u0105<br \/>\ntragiczne ale s\u0105 cz\u0119\u015bci\u0105 reali\u00f3w.<br \/>\nKolejnym m\u00f3wc\u0105 by\u0142 Marcell Pustul \u2013 \u015bwiatowej s\u0142awy projektant mody, za\u0142o\u017cyciel marki<br \/>\nMARCELL, znanej wcze\u015bniej jako MARCELL VON BERLIN. Jako 17-latek wyjecha\u0142 do<br \/>\nNowego Jorku tylko z marzeniem i pasj\u0105, a dzi\u015b jego ciuchy nosz\u0105 gwiazdy takie jak Miley<br \/>\nCyru, Jennifer Lopez i Lady Gaga. Podr\u00f3\u017cowa\u0142 po \u015bwiecie, mieszka\u0142 w Nowym Jorku, Los<br \/>\nAngeles, a tak\u017ce w Berlinie, mimo to po kilkunastu latach los ponownie zaprowadzi\u0142 go do<br \/>\nWarszawy.<br \/>\nOstatnim go\u015bciem by\u0142a Magdalena Szmydtke. Z wykszta\u0142cenia biolo\u017cka molekularna, k\u00f3ra<br \/>\nstudiowa\u0142a w Gda\u0144sku, pracowa\u0142a w IT, mieszka\u0142a w Dubaju, szuka\u0142a siebie i odnalaz\u0142a. Jej<br \/>\ndroga jest orginalna oraz niesie wspania\u0142y przyk\u0142ad, \u017ce zawsze mo\u017cna mie\u0107 marzenia i nowe<br \/>\ncele. Zacze\u0142a malowa\u0107 i rze\u017abi\u0107, osi\u0105gne\u0142a sukces, bo zacze\u0142a robi\u0107 to co sprawia jej<br \/>\nprzyjemno\u015b\u0107. Aktualnie ma pracownie w Gdyni i tworzy r\u00f3\u017cnorodne dzie\u0142a inspirowane<br \/>\nMorzem Ba\u0142tyckim i natur\u0105. Jej prace prezentowane s\u0105 na ca\u0142ym \u015bwiecie od Polski po<br \/>\nMediolan i Los Angeles.<br \/>\nOficjalna cz\u0119\u015b\u0107 wydarzenia rozpocz\u0119\u0142a si\u0119 od trzech wyst\u0105pie\u0144, a ca\u0142\u0105 konferencj\u0119 prowadzili<br \/>\nuczniowie. W mi\u0119dzyczasie uczestnicy zadawali pytania z r\u00f3\u017cnych dziedzin i prosili o rady<br \/>\ndotycz\u0105ce ich pracy, \u015bcie\u017cki b\u0105d\u017a wykszta\u0142cenia. Uczniowie s\u0142uchali ich opowie\u015bci z<br \/>\nzaciekawieniem. Spotkanie nie by\u0142o formalne, by\u0142o w formie dyskusji, by\u0142o przyjemnym<br \/>\nmiejscem, gdzie pomorskie szko\u0142y w tym np. IX Liceum Og\u00f3lnokszta\u0142c\u0105ce im. Marsza\u0142ka<br \/>\nJ\u00f3zefa Pi\u0142sudskiego mog\u0142y znale\u017a\u0107 przestrze\u0144 do integracji i inspiracji .Uczestnicy<br \/>\nzrozumieli, \u017ce te trzy osoby dzia\u0142aj\u0105ce w r\u00f3\u017cnych dziedzinach \u0142\u0105czy ch\u0119\u0107 ryzyka,<br \/>\nkreatywno\u015b\u0107 oraz szukanie czego\u015b nowego poza granicami i stref\u0105 komfortu.<br \/>\nWydarzenie nie opiera\u0142o si\u0119 wy\u0142\u0105cznie na spotkaniu. Towarzyszy\u0142a mu r\u00f3wnie\u017c niezwyk\u0142a<br \/>\nwystawa nawi\u0105zuj\u0105ca do tematyki podr\u00f3\u017cy. Zorganizowano warsztaty tworzenia poczt\u00f3wek z<br \/>\nreplik starych list\u00f3w z XX wieku, z czas\u00f3w, gdy podr\u00f3\u017cowanie mia\u0142o zupe\u0142nie inny charakter.<br \/>\nNa wej\u015bciu znajdowa\u0142a si\u0119 tak\u017ce wystawa indywidualnych projekt\u00f3w uczni\u00f3w z Gdy\u0144skiej<br \/>\nTr\u00f3jki. Prace by\u0142y r\u00f3\u017cnorodne i oryginalne, jednak \u0142\u0105czy\u0142y je elementy sztuki oraz inspiracje<br \/>\nczerpane z otaczaj\u0105cego nas \u015brodowiska. Pokazano mi\u0119dzy innymi w\u0142asnor\u0119cznie szyte<br \/>\nubrania inspirowane filmami i epokami historycznymi, makiety nowoczesnego osiedla oraz<br \/>\nobrazy malowane farbami olejnymi.<br \/>\nPo formalnym wydarzeniu organizatorzy wydarzenia skorzystali z warsztat\u00f3w<br \/>\nprowadzonych przez go\u015bci, zyskali nowe umiej\u0119tno\u015bci. Robili wizje przysz\u0142o\u015bci na papierze,<br \/>\nwcielali si\u0119 w role dziennikarzy oraz lepili z gliny.<br \/>\nW organizacji wydarzenia w Muzeum Emigracji pomaga\u0142y panie: Ludwika Radacka-Majek,<br \/>\nMartyna Grodzka, Joanna Goj\u017cewska oraz Natalia Baryluk. A prace uczni\u00f3w koordynowa\u0142a<br \/>\nPani Anna Rzepa z pomoc\u0105 Pani Izabeli Radziuk \u015aliwi\u0144skiej ( III Liceum Og\u00f3lnokszta\u0142c\u0105ce im. Marynarki Wojennej RP w Gdyni) oraz<br \/>\nPani Anna \u0106wikli\u0144ska-Rutka(II LO im. Adama Mickiewicza w Gdyni)<br \/>\nWydarzenie EMMMIGRACJA pokaza\u0142o, \u017ce marzenia, odwaga i pasja mog\u0105 zaprowadzi\u0107<br \/>\nka\u017cdego, nawet z ma\u0142ego miasta nad Ba\u0142tykiem na \u015bwiatowe sceny. Spotkania z go\u015b\u0107mi i<br \/>\naktywny udzia\u0142 uczni\u00f3w udowodni\u0142y, \u017ce m\u0142odzie\u017c z Gdyni ma ogromny potencja\u0142 i otwarte<br \/>\ng\u0142owy na \u015bwiat.<\/p>","protected":false},"excerpt":{"rendered":"<p>14 kwietnia odby\u0142o si\u0119 wyj\u0105tkowe wydarzenie EMMMIGRACJA, zorganizowane przez Muzeum Emigracji w Gdyni, uczni\u00f3w z III Liceum Og\u00f3lnokszta\u0142c\u0105cego im. Marynarki Wojennej RP oraz II Liceum Og\u00f3lnokszta\u0142c\u0105cego z Oddzia\u0142ami Dwuj\u0119zycznymi im. Adama Mickiewicza. Spotkanie odby\u0142o si\u0119 w godzinach porannych w Muzeum Emigracji i skupia\u0142o si\u0119 na przekazaniu wiedzy oraz do\u015bwiadczenia trzech go\u015bci z nietypowymi historiami. Wyst\u0105pi\u0142a [&hellip;]<\/p>","protected":false},"author":2,"featured_media":7138,"comment_status":"closed","ping_status":"closed","sticky":false,"template":"","format":"standard","meta":{"spay_email":""},"categories":[1],"tags":[],"jetpack_featured_media_url":"https:\/\/3-lab.pl\/wp-content\/uploads\/2025\/04\/IMG_2772.jpeg","_links":{"self":[{"href":"https:\/\/3-lab.pl\/en\/wp-json\/wp\/v2\/posts\/7147"}],"collection":[{"href":"https:\/\/3-lab.pl\/en\/wp-json\/wp\/v2\/posts"}],"about":[{"href":"https:\/\/3-lab.pl\/en\/wp-json\/wp\/v2\/types\/post"}],"author":[{"embeddable":true,"href":"https:\/\/3-lab.pl\/en\/wp-json\/wp\/v2\/users\/2"}],"replies":[{"embeddable":true,"href":"https:\/\/3-lab.pl\/en\/wp-json\/wp\/v2\/comments?post=7147"}],"version-history":[{"count":1,"href":"https:\/\/3-lab.pl\/en\/wp-json\/wp\/v2\/posts\/7147\/revisions"}],"predecessor-version":[{"id":7148,"href":"https:\/\/3-lab.pl\/en\/wp-json\/wp\/v2\/posts\/7147\/revisions\/7148"}],"wp:featuredmedia":[{"embeddable":true,"href":"https:\/\/3-lab.pl\/en\/wp-json\/wp\/v2\/media\/7138"}],"wp:attachment":[{"href":"https:\/\/3-lab.pl\/en\/wp-json\/wp\/v2\/media?parent=7147"}],"wp:term":[{"taxonomy":"category","embeddable":true,"href":"https:\/\/3-lab.pl\/en\/wp-json\/wp\/v2\/categories?post=7147"},{"taxonomy":"post_tag","embeddable":true,"href":"https:\/\/3-lab.pl\/en\/wp-json\/wp\/v2\/tags?post=7147"}],"curies":[{"name":"wp","href":"https:\/\/api.w.org\/{rel}","templated":true}]}}