{"id":7116,"date":"2025-04-02T12:08:52","date_gmt":"2025-04-02T10:08:52","guid":{"rendered":"http:\/\/3-lab.pl\/?p=7116"},"modified":"2025-05-04T16:39:50","modified_gmt":"2025-05-04T14:39:50","slug":"72h-systemowy-projekt-budowania-odpornosci-i-umiejetnosci-reakcji-w-sytuacjach-kryzysowych","status":"publish","type":"post","link":"https:\/\/3-lab.pl\/en\/2025\/04\/02\/72h-systemowy-projekt-budowania-odpornosci-i-umiejetnosci-reakcji-w-sytuacjach-kryzysowych\/","title":{"rendered":"72H &#8211; systemowy projekt budowania odporno\u015bci i umiej\u0119tno\u015bci reakcji w sytuacjach kryzysowych"},"content":{"rendered":"<div><\/div>\n<p><strong>Szanowni Pa\u0144stwo, Drodzy Przyjaciele,<\/strong><\/p>\n<p>chcieliby\u015bmy poinformowa\u0107 o naszej inicjatywie nap\u0119dzanej aktywno\u015bci\u0105 obywatelsk\u0105 &#8211; &#8222;72H&#8221; nad kt\u00f3r\u0105 pracujemy wsp\u00f3lnie od roku.<\/p>\n<p class=\"cvGsUA direction-ltr align-center para-style-body\"><span class=\"OYPEnA font-feature-liga-off font-feature-clig-off font-feature-calt-off text-decoration-none text-strikethrough-none\">Wsp\u00f3\u0142autorami projektu s\u0105: <strong>Pracownia Innowacji 3LAB &#8211; III LO w Gdyni, Akademia Marynarki Wojennej, Polskie Towarzystwo Psychologiczne oraz Komisja Nauk Kosmicznych PAN.<\/strong><\/span><\/p>\n<p class=\"cvGsUA direction-ltr align-center para-style-body\"><span class=\"OYPEnA font-feature-liga-off font-feature-clig-off font-feature-calt-off text-decoration-none text-strikethrough-none\">Na poziomie autorskim, koncepcyjnym i konsultacyjnym wsp\u00f3\u0142pracuje ze sob\u0105 kilkadziesi\u0105t os\u00f3b wsp\u00f3lnie z uczniami 3LAB z III LO w Gdyni. Naszym filarem s\u0105\u00a0eksperci ds. operacji specjalnych i kryzysowych. <span data-olk-copy-source=\"MessageBody\">Dzi\u0119ki ich\u00a0 syntezie oraz r\u00f3\u017cnorodno\u015bci i bogactwie r\u00f3\u017cnych perspektyw stworzymy unikalny zbi\u00f3r informacji i do\u015bwiadcze\u0144, buduj\u0105c z nich systemowe narz\u0119dzia.<\/span><\/span><\/p>\n<p><em><strong>Szyjemy rozwi\u0105zania na miar\u0119, \u0142\u0105czymy innowacyjn\u0105 edukacj\u0119 z\u00a0 operacyjnym do\u015bwiadczeniem s\u0142u\u017cb mundurowych: wojska, jednostek specjalnych, si\u0142 kontrterrorystycznych policji i stra\u017cy po\u017carnej, korespondent\u00f3w wojennych, jak r\u00f3wnie\u017c organizacji cywilnych i os\u00f3b zajmujacych si\u0119 pomoc\u0105 humanitarn\u0105. Czerpiemy z do\u015bwiadcze\u0144 harcerskich. Kryzys nie pyta o paszport. Interesuj\u0105 nas przestrzenie: od front\u00f3w Ukrainy po cyfrow\u0105 odporno\u015b\u0107 Estonii, a to wszystko przepuszczamy przez perspektyw\u0119 m\u0142odych, kt\u00f3rzy nie tylko patrz\u0105, ale chc\u0105 dzia\u0142a\u0107.<\/strong><\/em><\/p>\n<p><em><strong>Do\u015bwiadczenie s\u0142u\u017cb. Wiedza z operacji humanitarnych ONZ na ca\u0142ym \u015bwiecie. Praktyka z Ukrainy i Estonii. Harcerska przygoda. A to wszystko przefiltrowane przez spojrzenie m\u0142odych. Tak chcemy budowa\u0107 odporno\u015b\u0107.<\/strong><\/em><\/p>\n<p>&nbsp;<\/p>\n<p class=\"x_elementToProof\"><strong>Projekt \u201c72 H\u201d sk\u0142ada si\u0119 z trzech kluczowych element\u00f3w:\u00a0<\/strong><\/p>\n<p class=\"x_elementToProof\">1.<b>Aplikacja dla ludno\u015bci<\/b><\/p>\n<p>2.<strong>5-modu\u0142owy program dla m\u0142odzie\u017cy licealnej<\/strong><\/p>\n<p>3.<strong>Smart camp<\/strong><\/p>\n<p class=\"x_elementToProof\"><span data-olk-copy-source=\"MessageBody\">Dodatkowym elementem projektu, podnosz\u0105cym \u015bwiadomo\u015b\u0107 spo\u0142eczn\u0105 jest prezentacja uczniowska dot. Wojny kognitywnej. By\u0142a ju\u017c prezentowana w <b>Urz\u0119dzie Miasta Gdyni<\/b> jak i <b>Ministerstwie Edukacji Narodowej<\/b>. <\/span><\/p>\n<p class=\"x_elementToProof\">Natomiast 7 kwietnia 2025 roku, za\u0142o\u017cenia projektu \u201c72H\u201d zostan\u0105 przedstawione w ramach <b>Prezydencji RP w UE w Krakowie<\/b> podczas konferencji organizowanej przez <b>Ministerstwo Zdrowia<\/b>.<\/p>\n<p><strong>Mam zaszczyt przedstawi\u0107 zesp\u00f3\u0142:<\/strong><\/p>\n<ol>\n<li class=\"cvGsUA direction-ltr align-start para-style-body\"><span class=\"OYPEnA font-feature-liga-off font-feature-clig-off font-feature-calt-off text-decoration-none text-strikethrough-none\">Strategia i koordynacja projektu:<\/span><\/li>\n<\/ol>\n<ul>\n<li><span class=\"OYPEnA font-feature-liga-off font-feature-clig-off font-feature-calt-off text-decoration-none text-strikethrough-none\">kmdr dr hab. Wojciech Soko\u0142owski, prof. AMW Dziekan &#8211; Wydzia\u0142 Dowodzenia i Operacji Morskich Akademia Marynarki Wojennej<\/span><\/li>\n<li><span class=\"OYPEnA font-feature-liga-off font-feature-clig-off font-feature-calt-off text-decoration-none text-strikethrough-none\">prof. dr hab. Maciej Tana\u015b \u2013 Badacz i dydaktyk z zakresu nowych medi\u00f3w, edukacji i transformacji cyfrowej<\/span><\/li>\n<li><span class=\"OYPEnA font-feature-liga-off font-feature-clig-off font-feature-calt-off text-decoration-none text-strikethrough-none\">Maja Meissner &#8211; CEO Executive Search &amp; Leadership Development | Connector\u00a0<\/span><\/li>\n<li><span class=\"OYPEnA font-feature-liga-off font-feature-clig-off font-feature-calt-off text-decoration-none text-strikethrough-none\">mjr rez. Pawe\u0142 Muszy\u0144ski &#8211; Jednostka Wojskowa 2305 \u201cGROM\u201d\u00a0<\/span><\/li>\n<li><span class=\"OYPEnA font-feature-liga-off font-feature-clig-off font-feature-calt-off text-decoration-none text-strikethrough-none\">Pawe\u0142 Kudzia-<\/span> <span class=\"OYPEnA font-feature-liga-off font-feature-clig-off font-feature-calt-off text-decoration-none text-strikethrough-none\">b. Dyrektor dzia\u0142u misji zagranicznych i pomocy natychmiastowej PAH, korespondent wojenny, ESG,\u00a0<\/span><\/li>\n<li><span class=\"OYPEnA font-feature-liga-off font-feature-clig-off font-feature-calt-off text-decoration-none text-strikethrough-none\">Piotr W\u0119gorek &#8211; Ekspert: Ochrona ludno\u015bci i Obrona Cywilna, technologie wspieraj\u0105ce dzia\u0142ania w sytuacjach kryzysowych\u00a0<\/span><\/li>\n<\/ul>\n<p class=\"cvGsUA direction-ltr align-start para-style-body\"><span class=\"OYPEnA font-feature-liga-off font-feature-clig-off font-feature-calt-off text-decoration-none text-strikethrough-none\">\u00a0 \u00a0 \u00a0 2. Eksperci:<\/span><\/p>\n<ul>\n<li><span class=\"OYPEnA font-feature-liga-off font-feature-clig-off font-feature-calt-off text-decoration-none text-strikethrough-none\">kmdr por.dr Tomasz Kostecki Akademia Marynarki Wojennej &#8211; Bezpiecze\u0144stwo, ochrona i dzia\u0142ania w sytuacjach kryzysowych<\/span><\/li>\n<li><span class=\"OYPEnA font-feature-liga-off font-feature-clig-off font-feature-calt-off text-decoration-none text-strikethrough-none\">dr hab. Grzegorz Krasnod\u0119bski prof. AMW &#8211; Zast\u0119pca Dyrektora Morskiego Centrum Cyberbezpiecze\u0144stwa<\/span><\/li>\n<li><span class=\"OYPEnA font-feature-liga-off font-feature-clig-off font-feature-calt-off text-decoration-none text-strikethrough-none\">bryg. Leszek Tana\u015b \u2013 Uczestnik misji pokojowych ONZ i wypraw naukowych, akcje ratowniczo-ga\u015bnicze w wielu krajach,zarz\u0105dzanie bezpiecze\u0144stwem w sytuacjach kryzysowych<\/span><\/li>\n<li><span class=\"OYPEnA font-feature-liga-off font-feature-clig-off font-feature-calt-off text-decoration-none text-strikethrough-none\">m\u0142. insp w st. spocz. &#8211;\u00a0 Piotr Kondrakiewicz &#8211; bezpiecze\u0144stwo publiczne \/Policja\/<\/span><\/li>\n<li><span class=\"OYPEnA font-feature-liga-off font-feature-clig-off font-feature-calt-off text-decoration-none text-strikethrough-none\">podkom. Marek Za\u0144 \u2013 Ekspert ds. sytuacji kryzysowych, symulacji i scenariuszy &#8211; Samodzielny Pododdzia\u0142 Kontrterrorystyczny Policji w Gda\u0144sku<\/span><\/li>\n<li><span class=\"OYPEnA font-feature-liga-off font-feature-clig-off font-feature-calt-off text-decoration-none text-strikethrough-none\">dr Adam Nawrot \u2013 Specjalista do spraw teren\u00f3w oraz wypraw polarnych\u00a0 &#8211; Instytut Geofizyki PAN, Fundacja forScience<\/span><\/li>\n<li><span class=\"OYPEnA font-feature-liga-off font-feature-clig-off font-feature-calt-off text-decoration-none text-strikethrough-none\">Przemys\u0142aw Pazera &#8211;<\/span> <span class=\"OYPEnA font-feature-liga-off font-feature-clig-off font-feature-calt-off text-decoration-none text-strikethrough-none\">Ekspert bezpieczenstwa, trener mentalny,Autor metod mened\u017cerskich i program\u00f3w rozwojowych dla si\u0142 specjalnych, uczestnik gier strategicznych i wojennych<\/span><\/li>\n<li><span class=\"OYPEnA font-feature-liga-off font-feature-clig-off font-feature-calt-off text-decoration-none text-strikethrough-none\">dr Wojciech Zawadzki &#8211; Dezinformacja<\/span><\/li>\n<li><span class=\"OYPEnA font-feature-liga-off font-feature-clig-off font-feature-calt-off text-decoration-none text-strikethrough-none\">Adam Labuhn &#8211; Pe\u0142nomocnik Dziekana Wydzia\u0142u Prawa i Administracji ds. studenckich i naukowych, wyk\u0142adowca na Wydziale Prawa i Administracji WSAiB<\/span><\/li>\n<\/ul>\n<p class=\"cvGsUA direction-ltr align-start para-style-body\"><span class=\"OYPEnA font-feature-liga-off font-feature-clig-off font-feature-calt-off text-decoration-none text-strikethrough-none\">\u00a0 \u00a0 \u00a0 \u00a03. Psychologia i psychoterapia\u00a0<\/span><\/p>\n<ul>\n<li><span class=\"OYPEnA font-feature-liga-off font-feature-clig-off font-feature-calt-off text-decoration-none text-strikethrough-none\">dr n. med. Marta Kutniewska-Kubik \u2013 Psycholog kliniczny, Certyfikowany Psychoterapeuta Poznawczo\u2013Behawioralny, Cz\u0142onek Zarz\u0105du G\u0142\u00f3wnego Polskiego Towarzystwa Psychologicznego\u00a0<\/span><\/li>\n<li><span class=\"OYPEnA font-feature-liga-off font-feature-clig-off font-feature-calt-off text-decoration-none text-strikethrough-none\">Aneta Marczak \u2013 Psycholog<\/span><\/li>\n<\/ul>\n<p class=\"cvGsUA direction-ltr align-start para-style-body\"><span class=\"OYPEnA font-feature-liga-off font-feature-clig-off font-feature-calt-off text-decoration-none text-strikethrough-none\">\u00a0 \u00a0 \u00a0 4. Edukacja, etyka i pedagogika<\/span><\/p>\n<ul>\n<li><span class=\"OYPEnA font-feature-liga-off font-feature-clig-off font-feature-calt-off text-decoration-none text-strikethrough-none\">prof. dr hab. Maciej Tana\u015b \u2013 Badacz i dydaktyk z zakresu nowych medi\u00f3w, edukacji i transformacji cyfrowej<\/span><\/li>\n<li><span class=\"OYPEnA font-feature-liga-off font-feature-clig-off font-feature-calt-off text-decoration-none text-strikethrough-none\">Adam Labuhn &#8211; analiza prawna, wdra\u017canie rozwi\u0105za\u0144 rekomendowanych przez Komisj\u0119 Nauk Kosmicznych PAN<\/span><\/li>\n<li><span class=\"OYPEnA font-feature-liga-off font-feature-clig-off font-feature-calt-off text-decoration-none text-strikethrough-none\">Weronika Kubisiak \u2013 Analiza pedagogiczna i scenariusze<\/span><\/li>\n<li><span class=\"OYPEnA font-feature-liga-off font-feature-clig-off font-feature-calt-off text-decoration-none text-strikethrough-none\">Magdalena G\u0142owacka &#8211; Scenariusze, zastosowanie nowych technologii w procesie nauczania<\/span><\/li>\n<li><span class=\"OYPEnA font-feature-liga-off font-feature-clig-off font-feature-calt-off text-decoration-none text-strikethrough-none\">dr Anna Czernihowska Tymoszyk \u2013 Etyka\u00a0 &#8211; III LO Gdynia\u00a0<\/span><\/li>\n<li><span class=\"OYPEnA font-feature-liga-off font-feature-clig-off font-feature-calt-off text-decoration-none text-strikethrough-none\">Ma\u0142gorzata Olszowa \u2013 Edukacja dla Bezpiecze\u0144stwa\u00a0 &#8211; III LO Gdynia\u00a0<\/span><\/li>\n<li><span class=\"OYPEnA font-feature-liga-off font-feature-clig-off font-feature-calt-off text-decoration-none text-strikethrough-none\">Uczniowie i uczennice III LO w Gdyni\u00a0<\/span><\/li>\n<\/ul>\n<p class=\"cvGsUA direction-ltr align-start para-style-body\"><span class=\"OYPEnA font-feature-liga-off font-feature-clig-off font-feature-calt-off text-decoration-none text-strikethrough-none\">\u00a0 \u00a0 \u00a0 \u00a05. Procesy cyfryzacyjne, projektowanie, UX\/UI\u00a0<\/span><\/p>\n<ul>\n<li><span class=\"OYPEnA font-feature-liga-off font-feature-clig-off font-feature-calt-off text-decoration-none text-strikethrough-none\">Bart\u0142omiej Przybyciel &#8211; G\u0142\u00f3wny Specjalista Departamentu Cyfryzacji Urz\u0119du Marsza\u0142kowskiego Wojew\u00f3dztwa Pomorskiego. Uczestnictwo w cyfryzacji administracji publicznej, wdra\u017canie nowoczesnych technologii w edukacji i administracji<\/span><\/li>\n<li><span class=\"OYPEnA font-feature-liga-off font-feature-clig-off font-feature-calt-off text-decoration-none text-strikethrough-none\">Wiktoria Sobecka \u2013 Specjalistka od UX\/UI, \u0142\u0105cz\u0105ca badania, projektowanie i testy\u00a0<\/span><\/li>\n<\/ul>\n<p class=\"cvGsUA direction-ltr align-start para-style-body\"><span class=\"OYPEnA font-feature-liga-off font-feature-clig-off font-feature-calt-off text-decoration-none text-strikethrough-none\">\u00a0 \u00a0 \u00a0 \u00a06. Zwi\u0105zek Harcerstwa Polskiego:<\/span><\/p>\n<ul>\n<li><span class=\"OYPEnA font-feature-liga-off font-feature-clig-off font-feature-calt-off text-decoration-none text-strikethrough-none\">hm Konrad Chmiel 7HDCzB L\u0119bork<\/span><\/li>\n<\/ul>\n<p class=\"cvGsUA direction-ltr align-center para-style-body\"><strong><span class=\"OYPEnA font-feature-liga-off font-feature-clig-off font-feature-calt-off text-decoration-none text-strikethrough-none\">Bardzo dzi\u0119kujemy za pomoc, merytoryczne rozmowy oraz serdeczno\u015b\u0107:<\/span><\/strong><\/p>\n<p class=\"cvGsUA direction-ltr align-center para-style-body\"><span class=\"OYPEnA font-feature-liga-off font-feature-clig-off font-feature-calt-off text-decoration-none text-strikethrough-none\"><strong>Panu Dariuszowi Wi\u015bniewskiemu<\/strong> &#8211; Konsulowi Generalnemu Ambasady RP na Litwie<\/span><\/p>\n<p class=\"cvGsUA direction-ltr align-center para-style-body\"><span class=\"OYPEnA font-feature-liga-off font-feature-clig-off font-feature-calt-off text-decoration-none text-strikethrough-none\"><strong>Panu pp\u0142k Arturowi Lillenurm<\/strong> &#8211; Attache Obrony w Polsce i Rumunii <\/span><span class=\"OYPEnA font-feature-liga-off font-feature-clig-off font-feature-calt-off text-decoration-none text-strikethrough-none\">Ambasady Estonii w Warszawie<\/span><\/p>\n<p>&nbsp;<\/p>\n<p>&nbsp;<\/p>\n<p><em>Anna Rzepa &#8211; koordynatorka projektu<\/em><\/p>\n<p class=\"cvGsUA direction-ltr align-start para-style-body\"><span class=\"OYPEnA font-feature-liga-off font-feature-clig-off font-feature-calt-off text-decoration-none text-strikethrough-none\">\u00a0 \u00a0<\/span><\/p>\n<p>&nbsp;<\/p>\n<p class=\"cvGsUA direction-ltr align-center para-style-body\">","protected":false},"excerpt":{"rendered":"<p>Szanowni Pa\u0144stwo, Drodzy Przyjaciele, chcieliby\u015bmy poinformowa\u0107 o naszej inicjatywie nap\u0119dzanej aktywno\u015bci\u0105 obywatelsk\u0105 &#8211; &#8222;72H&#8221; nad kt\u00f3r\u0105 pracujemy wsp\u00f3lnie od roku. Wsp\u00f3\u0142autorami projektu s\u0105: Pracownia Innowacji 3LAB &#8211; III LO w Gdyni, Akademia Marynarki Wojennej, Polskie Towarzystwo Psychologiczne oraz Komisja Nauk Kosmicznych PAN. Na poziomie autorskim, koncepcyjnym i konsultacyjnym wsp\u00f3\u0142pracuje ze sob\u0105 kilkadziesi\u0105t os\u00f3b wsp\u00f3lnie z [&hellip;]<\/p>","protected":false},"author":2,"featured_media":7117,"comment_status":"closed","ping_status":"closed","sticky":false,"template":"","format":"standard","meta":{"spay_email":""},"categories":[1],"tags":[],"jetpack_featured_media_url":"https:\/\/3-lab.pl\/wp-content\/uploads\/2025\/04\/72-h-2.png","_links":{"self":[{"href":"https:\/\/3-lab.pl\/en\/wp-json\/wp\/v2\/posts\/7116"}],"collection":[{"href":"https:\/\/3-lab.pl\/en\/wp-json\/wp\/v2\/posts"}],"about":[{"href":"https:\/\/3-lab.pl\/en\/wp-json\/wp\/v2\/types\/post"}],"author":[{"embeddable":true,"href":"https:\/\/3-lab.pl\/en\/wp-json\/wp\/v2\/users\/2"}],"replies":[{"embeddable":true,"href":"https:\/\/3-lab.pl\/en\/wp-json\/wp\/v2\/comments?post=7116"}],"version-history":[{"count":6,"href":"https:\/\/3-lab.pl\/en\/wp-json\/wp\/v2\/posts\/7116\/revisions"}],"predecessor-version":[{"id":7162,"href":"https:\/\/3-lab.pl\/en\/wp-json\/wp\/v2\/posts\/7116\/revisions\/7162"}],"wp:featuredmedia":[{"embeddable":true,"href":"https:\/\/3-lab.pl\/en\/wp-json\/wp\/v2\/media\/7117"}],"wp:attachment":[{"href":"https:\/\/3-lab.pl\/en\/wp-json\/wp\/v2\/media?parent=7116"}],"wp:term":[{"taxonomy":"category","embeddable":true,"href":"https:\/\/3-lab.pl\/en\/wp-json\/wp\/v2\/categories?post=7116"},{"taxonomy":"post_tag","embeddable":true,"href":"https:\/\/3-lab.pl\/en\/wp-json\/wp\/v2\/tags?post=7116"}],"curies":[{"name":"wp","href":"https:\/\/api.w.org\/{rel}","templated":true}]}}