{"id":6988,"date":"2024-09-22T20:23:04","date_gmt":"2024-09-22T18:23:04","guid":{"rendered":"http:\/\/3-lab.pl\/?p=6988"},"modified":"2025-01-05T21:29:40","modified_gmt":"2025-01-05T20:29:40","slug":"kornelia-wieczorek-prelegentka-podczas-konferencji-girls-bossess","status":"publish","type":"post","link":"https:\/\/3-lab.pl\/en\/2024\/09\/22\/kornelia-wieczorek-prelegentka-podczas-konferencji-girls-bossess\/","title":{"rendered":"Kornelia Wieczorek prelegentk\u0105 podczas konferencji Girls Bossess"},"content":{"rendered":"<p><span style=\"font-weight: 400;\">Z ogromn\u0105 dum\u0105 informujemy, \u017ce Kornelia Wieczorek, uczennica klasy 3IB naszej szko\u0142y, jako finalistka programu <\/span><b>HerStory<\/b><span style=\"font-weight: 400;\"> Fundacji <\/span><b>Girls Future Ready<\/b><span style=\"font-weight: 400;\">, zosta\u0142a zaproszona do roli prelegentki podczas presti\u017cowej konferencji <\/span><b>Girls Bosses x Girls Future Ready<\/b><span style=\"font-weight: 400;\">!<\/span><\/p>\n<p><span style=\"font-weight: 400;\">Kornelia, kt\u00f3ra zosta\u0142a wyr\u00f3\u017cniona za swoje wyj\u0105tkowe osi\u0105gni\u0119cia oraz zaanga\u017cowanie, podzieli\u0142a si\u0119 swoimi do\u015bwiadczeniami i inspiracjami z m\u0142odymi kobietami d\u0105\u017c\u0105cymi do realizacji swoich pasji i cel\u00f3w. Jej wyst\u0105pienie stanowi\u0142o cenne \u017ar\u00f3d\u0142o motywacji dla innych uczestniczek, a tak\u017ce dow\u00f3d na to, jak m\u0142ode liderki mog\u0105 kszta\u0142towa\u0107 przysz\u0142o\u015b\u0107.<\/span><\/p>","protected":false},"excerpt":{"rendered":"<p>Z ogromn\u0105 dum\u0105 informujemy, \u017ce Kornelia Wieczorek, uczennica klasy 3IB naszej szko\u0142y, jako finalistka programu HerStory Fundacji Girls Future Ready, zosta\u0142a zaproszona do roli prelegentki podczas presti\u017cowej konferencji Girls Bosses x Girls Future Ready! Kornelia, kt\u00f3ra zosta\u0142a wyr\u00f3\u017cniona za swoje wyj\u0105tkowe osi\u0105gni\u0119cia oraz zaanga\u017cowanie, podzieli\u0142a si\u0119 swoimi do\u015bwiadczeniami i inspiracjami z m\u0142odymi kobietami d\u0105\u017c\u0105cymi do [&hellip;]<\/p>","protected":false},"author":34,"featured_media":6993,"comment_status":"closed","ping_status":"closed","sticky":false,"template":"","format":"standard","meta":{"spay_email":""},"categories":[1],"tags":[],"jetpack_featured_media_url":"https:\/\/3-lab.pl\/wp-content\/uploads\/2024\/10\/santander3.jpg","_links":{"self":[{"href":"https:\/\/3-lab.pl\/en\/wp-json\/wp\/v2\/posts\/6988"}],"collection":[{"href":"https:\/\/3-lab.pl\/en\/wp-json\/wp\/v2\/posts"}],"about":[{"href":"https:\/\/3-lab.pl\/en\/wp-json\/wp\/v2\/types\/post"}],"author":[{"embeddable":true,"href":"https:\/\/3-lab.pl\/en\/wp-json\/wp\/v2\/users\/34"}],"replies":[{"embeddable":true,"href":"https:\/\/3-lab.pl\/en\/wp-json\/wp\/v2\/comments?post=6988"}],"version-history":[{"count":1,"href":"https:\/\/3-lab.pl\/en\/wp-json\/wp\/v2\/posts\/6988\/revisions"}],"predecessor-version":[{"id":6989,"href":"https:\/\/3-lab.pl\/en\/wp-json\/wp\/v2\/posts\/6988\/revisions\/6989"}],"wp:featuredmedia":[{"embeddable":true,"href":"https:\/\/3-lab.pl\/en\/wp-json\/wp\/v2\/media\/6993"}],"wp:attachment":[{"href":"https:\/\/3-lab.pl\/en\/wp-json\/wp\/v2\/media?parent=6988"}],"wp:term":[{"taxonomy":"category","embeddable":true,"href":"https:\/\/3-lab.pl\/en\/wp-json\/wp\/v2\/categories?post=6988"},{"taxonomy":"post_tag","embeddable":true,"href":"https:\/\/3-lab.pl\/en\/wp-json\/wp\/v2\/tags?post=6988"}],"curies":[{"name":"wp","href":"https:\/\/api.w.org\/{rel}","templated":true}]}}