{"id":6986,"date":"2024-10-20T20:22:06","date_gmt":"2024-10-20T18:22:06","guid":{"rendered":"http:\/\/3-lab.pl\/?p=6986"},"modified":"2025-01-05T21:24:25","modified_gmt":"2025-01-05T20:24:25","slug":"kornelia-wieczorek-laureatka-konkursu-stypendialnego-santander","status":"publish","type":"post","link":"https:\/\/3-lab.pl\/en\/2024\/10\/20\/kornelia-wieczorek-laureatka-konkursu-stypendialnego-santander\/","title":{"rendered":"Kornelia Wieczorek laureatk\u0105 konkursu stypendialnego Santander!"},"content":{"rendered":"<p><span style=\"font-weight: 400;\"><img class=\"alignright size-medium wp-image-6992\" src=\"http:\/\/3-lab.pl\/wp-content\/uploads\/2024\/10\/santander2-325x433.jpg\" alt=\"\" width=\"325\" height=\"433\" srcset=\"https:\/\/3-lab.pl\/wp-content\/uploads\/2024\/10\/santander2-325x433.jpg 325w, https:\/\/3-lab.pl\/wp-content\/uploads\/2024\/10\/santander2-650x867.jpg 650w, https:\/\/3-lab.pl\/wp-content\/uploads\/2024\/10\/santander2-768x1024.jpg 768w, https:\/\/3-lab.pl\/wp-content\/uploads\/2024\/10\/santander2-1152x1536.jpg 1152w, https:\/\/3-lab.pl\/wp-content\/uploads\/2024\/10\/santander2-9x12.jpg 9w, https:\/\/3-lab.pl\/wp-content\/uploads\/2024\/10\/santander2-540x720.jpg 540w, https:\/\/3-lab.pl\/wp-content\/uploads\/2024\/10\/santander2.jpg 1536w\" sizes=\"(max-width: 325px) 100vw, 325px\" \/>Z rado\u015bci\u0105 informujemy, \u017ce Kornelia Wieczorek, uczennica klasy 3IB naszej szko\u0142y, zosta\u0142a laureatk\u0105 presti\u017cowego konkursu stypendialnego <\/span><b>Santander<\/b><span style=\"font-weight: 400;\">!\u00a0<\/span><\/p>\n<p><span style=\"font-weight: 400;\">Stypendium stanowi nagrod\u0119 za trud w\u0142o\u017cony w nauk\u0119 i jest motywacj\u0105 do dalszej pracy i osi\u0105gania jeszcze lepszych wynik\u00f3w. Wsparcie Fundacji ma si\u0119 przyczyni\u0107 do rozwijania talent\u00f3w i u\u0142atwiania uczniom kszta\u0142cenia na najwy\u017cszym poziomie. Laureaci pochodz\u0105 z terenu ca\u0142ej Polski. Jest to m\u0142odzie\u017c szczeg\u00f3lnie utalentowana, ale przede wszystkim s\u0105 to pasjonaci, kt\u00f3rzy kochaj\u0105 to, co robi\u0105.<\/span><\/p>\n<p><span style=\"font-weight: 400;\">O stypendia w VII edycji programu ubiega\u0142o si\u0119 ponad 4000 uczni\u00f3w szk\u00f3\u0142 ponadpodstawowych z ca\u0142ej Polski, kt\u00f3rzy maja bardzo dobre wyniki w nauce oraz posiadaj\u0105 szczeg\u00f3lne zdolno\u015bci i osi\u0105gaj\u0105 wyj\u0105tkowe sukcesy w jednej z poni\u017cszej kategorii: artysta, humanista, naukowiec.<\/span><\/p>\n<p>&nbsp;<\/p>\n<p>&nbsp;<\/p>\n<p>&nbsp;<\/p>\n<p>&nbsp;<\/p>","protected":false},"excerpt":{"rendered":"<p>Z rado\u015bci\u0105 informujemy, \u017ce Kornelia Wieczorek, uczennica klasy 3IB naszej szko\u0142y, zosta\u0142a laureatk\u0105 presti\u017cowego konkursu stypendialnego Santander!\u00a0 Stypendium stanowi nagrod\u0119 za trud w\u0142o\u017cony w nauk\u0119 i jest motywacj\u0105 do dalszej pracy i osi\u0105gania jeszcze lepszych wynik\u00f3w. Wsparcie Fundacji ma si\u0119 przyczyni\u0107 do rozwijania talent\u00f3w i u\u0142atwiania uczniom kszta\u0142cenia na najwy\u017cszym poziomie. Laureaci pochodz\u0105 z terenu [&hellip;]<\/p>","protected":false},"author":34,"featured_media":6991,"comment_status":"closed","ping_status":"closed","sticky":false,"template":"","format":"standard","meta":{"spay_email":""},"categories":[1],"tags":[],"jetpack_featured_media_url":"https:\/\/3-lab.pl\/wp-content\/uploads\/2024\/10\/santander1.jpg","_links":{"self":[{"href":"https:\/\/3-lab.pl\/en\/wp-json\/wp\/v2\/posts\/6986"}],"collection":[{"href":"https:\/\/3-lab.pl\/en\/wp-json\/wp\/v2\/posts"}],"about":[{"href":"https:\/\/3-lab.pl\/en\/wp-json\/wp\/v2\/types\/post"}],"author":[{"embeddable":true,"href":"https:\/\/3-lab.pl\/en\/wp-json\/wp\/v2\/users\/34"}],"replies":[{"embeddable":true,"href":"https:\/\/3-lab.pl\/en\/wp-json\/wp\/v2\/comments?post=6986"}],"version-history":[{"count":4,"href":"https:\/\/3-lab.pl\/en\/wp-json\/wp\/v2\/posts\/6986\/revisions"}],"predecessor-version":[{"id":7000,"href":"https:\/\/3-lab.pl\/en\/wp-json\/wp\/v2\/posts\/6986\/revisions\/7000"}],"wp:featuredmedia":[{"embeddable":true,"href":"https:\/\/3-lab.pl\/en\/wp-json\/wp\/v2\/media\/6991"}],"wp:attachment":[{"href":"https:\/\/3-lab.pl\/en\/wp-json\/wp\/v2\/media?parent=6986"}],"wp:term":[{"taxonomy":"category","embeddable":true,"href":"https:\/\/3-lab.pl\/en\/wp-json\/wp\/v2\/categories?post=6986"},{"taxonomy":"post_tag","embeddable":true,"href":"https:\/\/3-lab.pl\/en\/wp-json\/wp\/v2\/tags?post=6986"}],"curies":[{"name":"wp","href":"https:\/\/api.w.org\/{rel}","templated":true}]}}