{"id":6980,"date":"2024-08-27T20:17:24","date_gmt":"2024-08-27T18:17:24","guid":{"rendered":"http:\/\/3-lab.pl\/?p=6980"},"modified":"2025-01-05T21:38:21","modified_gmt":"2025-01-05T20:38:21","slug":"kornelia-wieczorek-doceniona-przez-polskie-i-miedzynarodowe-media","status":"publish","type":"post","link":"https:\/\/3-lab.pl\/en\/2024\/08\/27\/kornelia-wieczorek-doceniona-przez-polskie-i-miedzynarodowe-media\/","title":{"rendered":"Kornelia Wieczorek doceniona przez polskie i mi\u0119dzynarodowe media"},"content":{"rendered":"<p><span style=\"font-weight: 400;\">Z ogromn\u0105 rado\u015bci\u0105 informujemy, \u017ce Kornelia Wieczorek, uczennica klasy 3IB naszej szko\u0142y, zosta\u0142a wyr\u00f3\u017cniona za swoje wybitne osi\u0105gni\u0119cia naukowe i spo\u0142eczne. Jej praca i zaanga\u017cowanie zosta\u0142y docenione przez presti\u017cowe media zar\u00f3wno w Polsce, jak i za granic\u0105.<\/span><\/p>\n<p><span style=\"font-weight: 400;\">Kornelia zosta\u0142a wymieniona w czo\u0142owych publikacjach, w tym:<\/span><\/p>\n<ul>\n<li style=\"font-weight: 400;\" aria-level=\"1\"><b>ELLE<\/b><span style=\"font-weight: 400;\"> (<\/span><a href=\"https:\/\/bitly.cx\/A3ps\"><span style=\"font-weight: 400;\">link<\/span><\/a><span style=\"font-weight: 400;\">)<\/span><\/li>\n<li style=\"font-weight: 400;\" aria-level=\"1\"><b>Telewizja Polska<\/b><span style=\"font-weight: 400;\"> (<\/span><a href=\"https:\/\/bitly.cx\/DinMf\"><span style=\"font-weight: 400;\">link<\/span><\/a><span style=\"font-weight: 400;\">)<\/span><\/li>\n<li style=\"font-weight: 400;\" aria-level=\"1\"><b>Research in Poland<\/b><span style=\"font-weight: 400;\"> (<\/span><a href=\"https:\/\/bitly.cx\/1rmHt\"><span style=\"font-weight: 400;\">link<\/span><\/a><span style=\"font-weight: 400;\">)<\/span><\/li>\n<li style=\"font-weight: 400;\" aria-level=\"1\"><b>Gazeta.pl<\/b><span style=\"font-weight: 400;\"> (<\/span><a href=\"https:\/\/bitly.cx\/F42k\"><span style=\"font-weight: 400;\">link<\/span><\/a><span style=\"font-weight: 400;\">)<\/span><\/li>\n<li style=\"font-weight: 400;\" aria-level=\"1\"><b>Tr\u00f3jmiasto.pl<\/b><span style=\"font-weight: 400;\"> (<\/span><a href=\"https:\/\/bitly.cx\/p1Gwt\"><span style=\"font-weight: 400;\">link<\/span><\/a><span style=\"font-weight: 400;\">)<\/span><\/li>\n<li style=\"font-weight: 400;\" aria-level=\"1\"><b>Radio Gda\u0144sk<\/b><span style=\"font-weight: 400;\"> (<\/span><a href=\"https:\/\/bitly.cx\/BYiK\"><span style=\"font-weight: 400;\">link<\/span><\/a><span style=\"font-weight: 400;\">)<\/span><\/li>\n<li style=\"font-weight: 400;\" aria-level=\"1\"><b>Gdynia.pl<\/b><span style=\"font-weight: 400;\"> (<\/span><a href=\"https:\/\/bitly.cx\/uXjX\"><span style=\"font-weight: 400;\">link<\/span><\/a><span style=\"font-weight: 400;\">,<\/span><a href=\"https:\/\/bitly.cx\/YrqLk\"> <span style=\"font-weight: 400;\">link<\/span><\/a><span style=\"font-weight: 400;\">,<\/span><a href=\"https:\/\/bitly.cx\/ZrVTC\"> <span style=\"font-weight: 400;\">link<\/span><\/a><span style=\"font-weight: 400;\">,<\/span><a href=\"https:\/\/bitly.cx\/80RR\"> <span style=\"font-weight: 400;\">link<\/span><\/a><span style=\"font-weight: 400;\">,<\/span><a href=\"https:\/\/bitly.cx\/CTzj\"> <span style=\"font-weight: 400;\">link<\/span><\/a><span style=\"font-weight: 400;\">,<\/span><a href=\"https:\/\/bitly.cx\/TlhX\"> <span style=\"font-weight: 400;\">link<\/span><\/a><span style=\"font-weight: 400;\">)<\/span><\/li>\n<li style=\"font-weight: 400;\" aria-level=\"1\"><b>Dzie\u0144 dobry Pomorze<\/b><span style=\"font-weight: 400;\"> (<\/span><a href=\"https:\/\/bitly.cx\/GpuQ\"><span style=\"font-weight: 400;\">link<\/span><\/a><span style=\"font-weight: 400;\">)<\/span><\/li>\n<li style=\"font-weight: 400;\" aria-level=\"1\"><b>Dziennik Ba\u0142tycki<\/b><span style=\"font-weight: 400;\"> (<\/span><a href=\"https:\/\/bitly.cx\/4tGb\"><span style=\"font-weight: 400;\">link<\/span><\/a><span style=\"font-weight: 400;\">)<\/span><\/li>\n<li style=\"font-weight: 400;\" aria-level=\"1\"><b>3LAB<\/b><span style=\"font-weight: 400;\"> (<\/span><a href=\"https:\/\/bitly.cx\/hi66\"><span style=\"font-weight: 400;\">link<\/span><\/a><span style=\"font-weight: 400;\">,<\/span><a href=\"https:\/\/bitly.cx\/P6Wt\"> <span style=\"font-weight: 400;\">link<\/span><\/a><span style=\"font-weight: 400;\">,<\/span><a href=\"https:\/\/bitly.cx\/xchRA\"> <span style=\"font-weight: 400;\">link<\/span><\/a><span style=\"font-weight: 400;\">)<\/span><\/li>\n<li style=\"font-weight: 400;\" aria-level=\"1\"><b>Noizz.pl<\/b><span style=\"font-weight: 400;\"> (<\/span><a href=\"https:\/\/bitly.cx\/bhPnZ\"><span style=\"font-weight: 400;\">link<\/span><\/a><span style=\"font-weight: 400;\">)<\/span><\/li>\n<li style=\"font-weight: 400;\" aria-level=\"1\"><b>Hello Zdrowie<\/b><span style=\"font-weight: 400;\"> (<\/span><a href=\"https:\/\/bitly.cx\/Nv84\"><span style=\"font-weight: 400;\">link<\/span><\/a><span style=\"font-weight: 400;\">)<\/span><\/li>\n<\/ul>\n<p><span style=\"font-weight: 400;\">To ogromne wyr\u00f3\u017cnienie jest dowodem na jej pasj\u0119, zaanga\u017cowanie oraz nieustanne d\u0105\u017cenie do rozwoju zar\u00f3wno w sferze naukowej, jak i spo\u0142ecznej. Kornelia aktywnie anga\u017cuje si\u0119 w r\u00f3\u017cnorodne projekty, kt\u00f3re maj\u0105 pozytywny wp\u0142yw na otoczenie, co spotka\u0142o si\u0119 z uznaniem ekspert\u00f3w oraz medi\u00f3w.<\/span><\/p>\n<p><span style=\"font-weight: 400;\">Gratulujemy Kornelii tego zas\u0142u\u017conego sukcesu i \u017cyczymy dalszych osi\u0105gni\u0119\u0107!<\/span><\/p>","protected":false},"excerpt":{"rendered":"<p>Z ogromn\u0105 rado\u015bci\u0105 informujemy, \u017ce Kornelia Wieczorek, uczennica klasy 3IB naszej szko\u0142y, zosta\u0142a wyr\u00f3\u017cniona za swoje wybitne osi\u0105gni\u0119cia naukowe i spo\u0142eczne. Jej praca i zaanga\u017cowanie zosta\u0142y docenione przez presti\u017cowe media zar\u00f3wno w Polsce, jak i za granic\u0105. Kornelia zosta\u0142a wymieniona w czo\u0142owych publikacjach, w tym: ELLE (link) Telewizja Polska (link) Research in Poland (link) Gazeta.pl [&hellip;]<\/p>","protected":false},"author":34,"featured_media":7011,"comment_status":"closed","ping_status":"closed","sticky":false,"template":"","format":"standard","meta":{"spay_email":""},"categories":[1],"tags":[],"jetpack_featured_media_url":"https:\/\/3-lab.pl\/wp-content\/uploads\/2024\/08\/elle.jpg","_links":{"self":[{"href":"https:\/\/3-lab.pl\/en\/wp-json\/wp\/v2\/posts\/6980"}],"collection":[{"href":"https:\/\/3-lab.pl\/en\/wp-json\/wp\/v2\/posts"}],"about":[{"href":"https:\/\/3-lab.pl\/en\/wp-json\/wp\/v2\/types\/post"}],"author":[{"embeddable":true,"href":"https:\/\/3-lab.pl\/en\/wp-json\/wp\/v2\/users\/34"}],"replies":[{"embeddable":true,"href":"https:\/\/3-lab.pl\/en\/wp-json\/wp\/v2\/comments?post=6980"}],"version-history":[{"count":1,"href":"https:\/\/3-lab.pl\/en\/wp-json\/wp\/v2\/posts\/6980\/revisions"}],"predecessor-version":[{"id":6981,"href":"https:\/\/3-lab.pl\/en\/wp-json\/wp\/v2\/posts\/6980\/revisions\/6981"}],"wp:featuredmedia":[{"embeddable":true,"href":"https:\/\/3-lab.pl\/en\/wp-json\/wp\/v2\/media\/7011"}],"wp:attachment":[{"href":"https:\/\/3-lab.pl\/en\/wp-json\/wp\/v2\/media?parent=6980"}],"wp:term":[{"taxonomy":"category","embeddable":true,"href":"https:\/\/3-lab.pl\/en\/wp-json\/wp\/v2\/categories?post=6980"},{"taxonomy":"post_tag","embeddable":true,"href":"https:\/\/3-lab.pl\/en\/wp-json\/wp\/v2\/tags?post=6980"}],"curies":[{"name":"wp","href":"https:\/\/api.w.org\/{rel}","templated":true}]}}