{"id":6972,"date":"2024-07-30T20:07:41","date_gmt":"2024-07-30T18:07:41","guid":{"rendered":"http:\/\/3-lab.pl\/?p=6972"},"modified":"2025-01-05T21:49:18","modified_gmt":"2025-01-05T20:49:18","slug":"udzial-kornelii-wieczorek-w-adamed-smartup","status":"publish","type":"post","link":"https:\/\/3-lab.pl\/en\/2024\/07\/30\/udzial-kornelii-wieczorek-w-adamed-smartup\/","title":{"rendered":"Udzia\u0142 Kornelii Wieczorek w Adamed SmartUP"},"content":{"rendered":"<p><span style=\"font-weight: 400;\">W lipcu uczennica klasy 3IB, Kornelia, wzi\u0119\u0142a udzia\u0142 w interdyscyplinarnym obozie naukowym Adamed SmartUP, organizowanym przez Fundacj\u0119 Adamed. Ob\u00f3z, kt\u00f3rego celem jest rozwijanie pasji naukowych, zgromadzi\u0142 50 uczestnik\u00f3w spo\u015br\u00f3d 10 000 zg\u0142oszonych m\u0142odych ludzi z ca\u0142ej Polski, wybranych w wyniku wieloetapowej selekcji. Kornelia zosta\u0142a zakwalifikowana do grupy &#8222;Mikrobiologia i wst\u0119p do nauk medycznych&#8221;, gdzie przez dwa tygodnie pog\u0142\u0119bia\u0142a swoj\u0105 wiedz\u0119 i umiej\u0119tno\u015bci w obszarze nauk przyrodniczych oraz medycznych. Z uwagi na niezwykle niski wska\u017anik akceptacji, wynosz\u0105cy zaledwie 0,005%, Kornelia znalaz\u0142a si\u0119 w niezwyk\u0142ej grupie m\u0142odych talent\u00f3w, kt\u00f3rzy mieli szans\u0119 uczestniczy\u0107 w tym warto\u015bciowym wydarzeniu.<\/span><\/p>\n<p><span style=\"font-weight: 400;\">Pierwszy tydzie\u0144 obozu koncentrowa\u0142 si\u0119 na zaj\u0119ciach z zakresu anatomii, fizjologii i medycyny. Kornelia mia\u0142a okazj\u0119 uczestniczy\u0107 w praktycznych warsztatach, takich jak przeprowadzanie sekcji zw\u0142ok, analiza EKG, pobieranie krwi oraz badanie pr\u00f3bek. Zaj\u0119cia te prowadzone by\u0142y przez ekspert\u00f3w, w tym specjalist\u00f3w, kt\u00f3rzy uko\u0144czyli studia doktoranckie na Cambridge University w Wielkiej Brytanii. W drugim tygodniu obozu Kornelia zdoby\u0142a cenne do\u015bwiadczenie w pracy laboratoryjnej i mikrobiologicznej, co pozwoli\u0142o jej rozwin\u0105\u0107 umiej\u0119tno\u015bci praktyczne w tej dziedzinie. Uczestnicy mieli tak\u017ce okazj\u0119 odwiedzi\u0107 g\u0142\u00f3wn\u0105 siedzib\u0119 Adamed Pharma, gdzie pod okiem naukowc\u00f3w zapoznali si\u0119 z procesem tworzenia lek\u00f3w.<\/span><\/p>\n<p><span style=\"font-weight: 400;\">Udzia\u0142 w obozie Adamed SmartUP by\u0142 nie tylko doskona\u0142\u0105 okazj\u0105 do poszerzenia wiedzy w zakresie nauk medycznych i mikrobiologicznych, ale tak\u017ce cennym do\u015bwiadczeniem w pracy w\u015br\u00f3d najlepszych m\u0142odych talent\u00f3w naukowych w Polsce.<\/span><\/p>\n<p><img class=\"wp-image-7018 alignleft\" src=\"http:\/\/3-lab.pl\/wp-content\/uploads\/2024\/07\/as1-650x433.jpg\" alt=\"\" width=\"299\" height=\"199\" srcset=\"https:\/\/3-lab.pl\/wp-content\/uploads\/2024\/07\/as1-650x433.jpg 650w, https:\/\/3-lab.pl\/wp-content\/uploads\/2024\/07\/as1-1300x867.jpg 1300w, https:\/\/3-lab.pl\/wp-content\/uploads\/2024\/07\/as1-325x217.jpg 325w, https:\/\/3-lab.pl\/wp-content\/uploads\/2024\/07\/as1-768x512.jpg 768w, https:\/\/3-lab.pl\/wp-content\/uploads\/2024\/07\/as1-1536x1025.jpg 1536w, https:\/\/3-lab.pl\/wp-content\/uploads\/2024\/07\/as1-16x12.jpg 16w, https:\/\/3-lab.pl\/wp-content\/uploads\/2024\/07\/as1-1079x720.jpg 1079w, https:\/\/3-lab.pl\/wp-content\/uploads\/2024\/07\/as1.jpg 2048w\" sizes=\"(max-width: 299px) 100vw, 299px\" \/><img class=\"wp-image-7020 alignnone\" src=\"http:\/\/3-lab.pl\/wp-content\/uploads\/2024\/07\/as3-577x433.jpg\" alt=\"\" width=\"282\" height=\"212\" srcset=\"https:\/\/3-lab.pl\/wp-content\/uploads\/2024\/07\/as3-577x433.jpg 577w, https:\/\/3-lab.pl\/wp-content\/uploads\/2024\/07\/as3-1156x867.jpg 1156w, https:\/\/3-lab.pl\/wp-content\/uploads\/2024\/07\/as3-768x576.jpg 768w, https:\/\/3-lab.pl\/wp-content\/uploads\/2024\/07\/as3-1536x1152.jpg 1536w, https:\/\/3-lab.pl\/wp-content\/uploads\/2024\/07\/as3-16x12.jpg 16w, https:\/\/3-lab.pl\/wp-content\/uploads\/2024\/07\/as3-960x720.jpg 960w, https:\/\/3-lab.pl\/wp-content\/uploads\/2024\/07\/as3.jpg 2048w\" sizes=\"(max-width: 282px) 100vw, 282px\" \/><img class=\"alignright  wp-image-7022\" src=\"http:\/\/3-lab.pl\/wp-content\/uploads\/2024\/07\/as5-650x433.jpg\" alt=\"\" width=\"339\" height=\"226\" srcset=\"https:\/\/3-lab.pl\/wp-content\/uploads\/2024\/07\/as5-650x433.jpg 650w, https:\/\/3-lab.pl\/wp-content\/uploads\/2024\/07\/as5-1300x867.jpg 1300w, https:\/\/3-lab.pl\/wp-content\/uploads\/2024\/07\/as5-325x217.jpg 325w, https:\/\/3-lab.pl\/wp-content\/uploads\/2024\/07\/as5-768x512.jpg 768w, https:\/\/3-lab.pl\/wp-content\/uploads\/2024\/07\/as5-1536x1025.jpg 1536w, https:\/\/3-lab.pl\/wp-content\/uploads\/2024\/07\/as5-16x12.jpg 16w, https:\/\/3-lab.pl\/wp-content\/uploads\/2024\/07\/as5-1079x720.jpg 1079w, https:\/\/3-lab.pl\/wp-content\/uploads\/2024\/07\/as5.jpg 2048w\" sizes=\"(max-width: 339px) 100vw, 339px\" \/><img class=\"wp-image-7023 alignleft\" src=\"http:\/\/3-lab.pl\/wp-content\/uploads\/2024\/07\/as6-650x424.jpg\" alt=\"\" width=\"546\" height=\"356\" srcset=\"https:\/\/3-lab.pl\/wp-content\/uploads\/2024\/07\/as6-650x424.jpg 650w, https:\/\/3-lab.pl\/wp-content\/uploads\/2024\/07\/as6-768x501.jpg 768w, https:\/\/3-lab.pl\/wp-content\/uploads\/2024\/07\/as6-16x10.jpg 16w, https:\/\/3-lab.pl\/wp-content\/uploads\/2024\/07\/as6-1103x720.jpg 1103w, https:\/\/3-lab.pl\/wp-content\/uploads\/2024\/07\/as6.jpg 1284w\" sizes=\"(max-width: 546px) 100vw, 546px\" \/><\/p>","protected":false},"excerpt":{"rendered":"<p>W lipcu uczennica klasy 3IB, Kornelia, wzi\u0119\u0142a udzia\u0142 w interdyscyplinarnym obozie naukowym Adamed SmartUP, organizowanym przez Fundacj\u0119 Adamed. Ob\u00f3z, kt\u00f3rego celem jest rozwijanie pasji naukowych, zgromadzi\u0142 50 uczestnik\u00f3w spo\u015br\u00f3d 10 000 zg\u0142oszonych m\u0142odych ludzi z ca\u0142ej Polski, wybranych w wyniku wieloetapowej selekcji. Kornelia zosta\u0142a zakwalifikowana do grupy &#8222;Mikrobiologia i wst\u0119p do nauk medycznych&#8221;, gdzie przez [&hellip;]<\/p>","protected":false},"author":34,"featured_media":7021,"comment_status":"closed","ping_status":"closed","sticky":false,"template":"","format":"standard","meta":{"spay_email":""},"categories":[1],"tags":[],"jetpack_featured_media_url":"https:\/\/3-lab.pl\/wp-content\/uploads\/2024\/07\/as4.jpg","_links":{"self":[{"href":"https:\/\/3-lab.pl\/en\/wp-json\/wp\/v2\/posts\/6972"}],"collection":[{"href":"https:\/\/3-lab.pl\/en\/wp-json\/wp\/v2\/posts"}],"about":[{"href":"https:\/\/3-lab.pl\/en\/wp-json\/wp\/v2\/types\/post"}],"author":[{"embeddable":true,"href":"https:\/\/3-lab.pl\/en\/wp-json\/wp\/v2\/users\/34"}],"replies":[{"embeddable":true,"href":"https:\/\/3-lab.pl\/en\/wp-json\/wp\/v2\/comments?post=6972"}],"version-history":[{"count":3,"href":"https:\/\/3-lab.pl\/en\/wp-json\/wp\/v2\/posts\/6972\/revisions"}],"predecessor-version":[{"id":7025,"href":"https:\/\/3-lab.pl\/en\/wp-json\/wp\/v2\/posts\/6972\/revisions\/7025"}],"wp:featuredmedia":[{"embeddable":true,"href":"https:\/\/3-lab.pl\/en\/wp-json\/wp\/v2\/media\/7021"}],"wp:attachment":[{"href":"https:\/\/3-lab.pl\/en\/wp-json\/wp\/v2\/media?parent=6972"}],"wp:term":[{"taxonomy":"category","embeddable":true,"href":"https:\/\/3-lab.pl\/en\/wp-json\/wp\/v2\/categories?post=6972"},{"taxonomy":"post_tag","embeddable":true,"href":"https:\/\/3-lab.pl\/en\/wp-json\/wp\/v2\/tags?post=6972"}],"curies":[{"name":"wp","href":"https:\/\/api.w.org\/{rel}","templated":true}]}}