{"id":6963,"date":"2024-12-13T15:26:07","date_gmt":"2024-12-13T14:26:07","guid":{"rendered":"http:\/\/3-lab.pl\/?p=6963"},"modified":"2024-12-13T15:34:41","modified_gmt":"2024-12-13T14:34:41","slug":"3-lab-na-spotkaniu-zespolu-pedagogiki-medialnej-knp-pan","status":"publish","type":"post","link":"https:\/\/3-lab.pl\/en\/2024\/12\/13\/3-lab-na-spotkaniu-zespolu-pedagogiki-medialnej-knp-pan\/","title":{"rendered":"3 LAB na spotkaniu Zespo\u0142u Pedagogiki Medialnej KNP PAN"},"content":{"rendered":"<p>&nbsp;<\/p>\n<p>Mi\u0142o nam poinformowa\u0107, \u017ce praca zespo\u0142u i pracowni o 3 LAB, dzi\u0119ki uprzejmo\u015bci <strong>prof. APS dr hab. Macieja Tanasia<\/strong> zosta\u0142a zaprezentowana 12 grudnia podczas spotkania Zespo\u0142u Pedagogiki Medialnej Komitetu Nauk Pedagogicznych Polskiej Akademii Nauk. W zaszczytnym gronie odbiorc\u00f3w przedstawili\u015bmy zakres naszych dzia\u0142a\u0144 z obszaru edukacji medialnej oraz nowy projekt \u201e72h\u201d, kt\u00f3ry realizujemy wsp\u00f3lnie z partnerami i kt\u00f3ry dotyczy kwestii bezpiecze\u0144stwa w sytuacjach kryzysowych.<\/p>\n<p>Zespo\u0142em Pedagogiki Medialnej kieruje <strong>prof. APS dr hab. Maciej Tana\u015b \u2013 by\u0142y Dziekan Wydzia\u0142u Nauk Pedagogicznych Akademii Pedagogiki Specjalnej im. M. Grzegorzewskiej w Warszawie, a obecnie Kierownik Katedry Dydaktyki i Pedagogiki Medialnej.<\/strong><\/p>\n<p>W sk\u0142ad Zespo\u0142u wchodz\u0105 eksperci z r\u00f3\u017cnych \u015brodowisk naukowych reprezentuj\u0105cych dziedzin\u0119 pedagogiki medialnej, a tak\u017ce specjali\u015bci informatyki, przedstawiciele medi\u00f3w, socjologii oraz \u015bwiata sztuki.<\/p>\n<p>Cieszymy si\u0119, \u017ce mogli\u015bmy podzieli\u0107 si\u0119 naszymi do\u015bwiadczeniami, dzi\u0119kuj\u0105c za mo\u017cliwo\u015b\u0107 spotkania w gronie tak wyjatkowych os\u00f3b.<\/p>\n<p>&nbsp;<\/p>\n<p>Anna Rzepa<\/p>","protected":false},"excerpt":{"rendered":"<p>&nbsp; Mi\u0142o nam poinformowa\u0107, \u017ce praca zespo\u0142u i pracowni o 3 LAB, dzi\u0119ki uprzejmo\u015bci prof. APS dr hab. Macieja Tanasia zosta\u0142a zaprezentowana 12 grudnia podczas spotkania Zespo\u0142u Pedagogiki Medialnej Komitetu Nauk Pedagogicznych Polskiej Akademii Nauk. W zaszczytnym gronie odbiorc\u00f3w przedstawili\u015bmy zakres naszych dzia\u0142a\u0144 z obszaru edukacji medialnej oraz nowy projekt \u201e72h\u201d, kt\u00f3ry realizujemy wsp\u00f3lnie z [&hellip;]<\/p>","protected":false},"author":2,"featured_media":6967,"comment_status":"closed","ping_status":"closed","sticky":false,"template":"","format":"standard","meta":{"spay_email":""},"categories":[1],"tags":[],"jetpack_featured_media_url":"https:\/\/3-lab.pl\/wp-content\/uploads\/2024\/12\/Czarne-Biale-Proste-Zwierzeta-i-Zwierzeta-Domowe-Logo.jpg","_links":{"self":[{"href":"https:\/\/3-lab.pl\/en\/wp-json\/wp\/v2\/posts\/6963"}],"collection":[{"href":"https:\/\/3-lab.pl\/en\/wp-json\/wp\/v2\/posts"}],"about":[{"href":"https:\/\/3-lab.pl\/en\/wp-json\/wp\/v2\/types\/post"}],"author":[{"embeddable":true,"href":"https:\/\/3-lab.pl\/en\/wp-json\/wp\/v2\/users\/2"}],"replies":[{"embeddable":true,"href":"https:\/\/3-lab.pl\/en\/wp-json\/wp\/v2\/comments?post=6963"}],"version-history":[{"count":1,"href":"https:\/\/3-lab.pl\/en\/wp-json\/wp\/v2\/posts\/6963\/revisions"}],"predecessor-version":[{"id":6965,"href":"https:\/\/3-lab.pl\/en\/wp-json\/wp\/v2\/posts\/6963\/revisions\/6965"}],"wp:featuredmedia":[{"embeddable":true,"href":"https:\/\/3-lab.pl\/en\/wp-json\/wp\/v2\/media\/6967"}],"wp:attachment":[{"href":"https:\/\/3-lab.pl\/en\/wp-json\/wp\/v2\/media?parent=6963"}],"wp:term":[{"taxonomy":"category","embeddable":true,"href":"https:\/\/3-lab.pl\/en\/wp-json\/wp\/v2\/categories?post=6963"},{"taxonomy":"post_tag","embeddable":true,"href":"https:\/\/3-lab.pl\/en\/wp-json\/wp\/v2\/tags?post=6963"}],"curies":[{"name":"wp","href":"https:\/\/api.w.org\/{rel}","templated":true}]}}