{"id":6933,"date":"2024-12-03T13:28:55","date_gmt":"2024-12-03T12:28:55","guid":{"rendered":"http:\/\/3-lab.pl\/?p=6933"},"modified":"2024-12-07T21:05:43","modified_gmt":"2024-12-07T20:05:43","slug":"uczniowie-uczniom-3class","status":"publish","type":"post","link":"https:\/\/3-lab.pl\/en\/2024\/12\/03\/uczniowie-uczniom-3class\/","title":{"rendered":"Uczniowie,uczniom-3CLASS"},"content":{"rendered":"<p>Projekt 3CLASS, prowadzony przez m\u0142odzie\u017c dla m\u0142odzie\u017cy, to inicjatywa maj\u0105ca na celu wsparcie uczni\u00f3w w trudnych czasach i wyr\u00f3wnanie szans edukacyjnych. Rozpocz\u0105\u0142 dzia\u0142alno\u015b\u0107 podczas pandemii COVID-19, kiedy wielu m\u0142odszych uczni\u00f3w, zw\u0142aszcza z obszar\u00f3w wiejskich, potrzebowa\u0142o dodatkowej pomocy edukacyjnej. W odpowiedzi na te potrzeby liceali\u015bci utworzyli platform\u0119 wsparcia zdalnego, umo\u017cliwiaj\u0105c uczniom szk\u00f3\u0142 podstawowych uzyskanie bezp\u0142atnych korepetycji z r\u00f3\u017cnych przedmiot\u00f3w. Projekt odni\u00f3s\u0142 du\u017cy sukces i zdoby\u0142 uznanie, m.in. podczas og\u00f3lnopolskiego hackathonu edukacyjnego.<\/p>\n<p>Obecnie 3CLASS ma si\u0119 \u015bwietnie i zrzesza ponad 100 wolontariuszy, kt\u00f3rzy regularnie pomagaj\u0105 tysi\u0105com uczni\u00f3w w ca\u0142ej Polsce. Organizatorzy skupiaj\u0105 si\u0119 na zapewnieniu jako\u015bciowej edukacji, a ich celem jest zmniejszenie nier\u00f3wno\u015bci edukacyjnych, szczeg\u00f3lnie w\u015br\u00f3d uczni\u00f3w o ograniczonym dost\u0119pie do dodatkowego wsparcia. To oddolne dzia\u0142anie daje m\u0142odzie\u017cy szans\u0119 na rozw\u00f3j zar\u00f3wno edukacyjny, jak i spo\u0142eczny, promuj\u0105c wsp\u00f3\u0142prac\u0119 oraz wsp\u00f3lne d\u0105\u017cenie do osi\u0105gni\u0119cia lepszej przysz\u0142o\u015bci.<\/p>\n<p>Projekt cieszy si\u0119 tak\u017ce wsparciem partner\u00f3w, w tym firm, kt\u00f3re dostarczaj\u0105 niezb\u0119dny sprz\u0119t komputerowy uczniom w potrzebie, co pozwala na kontynuacj\u0119 zdalnej pomocy w nauce. Dzi\u0119ki aktywno\u015bci i zaanga\u017cowaniu m\u0142odych lider\u00f3w, 3CLASS sta\u0142 si\u0119 symbolem solidarno\u015bci i wsparcia mi\u0119dzy pokoleniami, oferuj\u0105c r\u00f3wnocze\u015bnie praktyczne do\u015bwiadczenia z zakresu zarz\u0105dzania i organizacji projekt\u00f3w edukacyjnych.<\/p>\n<p>Autorka:Marianna Sobczak<\/p>","protected":false},"excerpt":{"rendered":"<p>Projekt 3CLASS, prowadzony przez m\u0142odzie\u017c dla m\u0142odzie\u017cy, to inicjatywa maj\u0105ca na celu wsparcie uczni\u00f3w w trudnych czasach i wyr\u00f3wnanie szans edukacyjnych. Rozpocz\u0105\u0142 dzia\u0142alno\u015b\u0107 podczas pandemii COVID-19, kiedy wielu m\u0142odszych uczni\u00f3w, zw\u0142aszcza z obszar\u00f3w wiejskich, potrzebowa\u0142o dodatkowej pomocy edukacyjnej. W odpowiedzi na te potrzeby liceali\u015bci utworzyli platform\u0119 wsparcia zdalnego, umo\u017cliwiaj\u0105c uczniom szk\u00f3\u0142 podstawowych uzyskanie bezp\u0142atnych korepetycji [&hellip;]<\/p>","protected":false},"author":38,"featured_media":6936,"comment_status":"closed","ping_status":"closed","sticky":false,"template":"","format":"standard","meta":{"spay_email":""},"categories":[116],"tags":[],"jetpack_featured_media_url":"https:\/\/3-lab.pl\/wp-content\/uploads\/2024\/12\/image00001.jpeg","_links":{"self":[{"href":"https:\/\/3-lab.pl\/en\/wp-json\/wp\/v2\/posts\/6933"}],"collection":[{"href":"https:\/\/3-lab.pl\/en\/wp-json\/wp\/v2\/posts"}],"about":[{"href":"https:\/\/3-lab.pl\/en\/wp-json\/wp\/v2\/types\/post"}],"author":[{"embeddable":true,"href":"https:\/\/3-lab.pl\/en\/wp-json\/wp\/v2\/users\/38"}],"replies":[{"embeddable":true,"href":"https:\/\/3-lab.pl\/en\/wp-json\/wp\/v2\/comments?post=6933"}],"version-history":[{"count":3,"href":"https:\/\/3-lab.pl\/en\/wp-json\/wp\/v2\/posts\/6933\/revisions"}],"predecessor-version":[{"id":6955,"href":"https:\/\/3-lab.pl\/en\/wp-json\/wp\/v2\/posts\/6933\/revisions\/6955"}],"wp:featuredmedia":[{"embeddable":true,"href":"https:\/\/3-lab.pl\/en\/wp-json\/wp\/v2\/media\/6936"}],"wp:attachment":[{"href":"https:\/\/3-lab.pl\/en\/wp-json\/wp\/v2\/media?parent=6933"}],"wp:term":[{"taxonomy":"category","embeddable":true,"href":"https:\/\/3-lab.pl\/en\/wp-json\/wp\/v2\/categories?post=6933"},{"taxonomy":"post_tag","embeddable":true,"href":"https:\/\/3-lab.pl\/en\/wp-json\/wp\/v2\/tags?post=6933"}],"curies":[{"name":"wp","href":"https:\/\/api.w.org\/{rel}","templated":true}]}}