{"id":6896,"date":"2024-10-18T20:56:37","date_gmt":"2024-10-18T18:56:37","guid":{"rendered":"http:\/\/3-lab.pl\/?p=6896"},"modified":"2024-10-18T20:56:37","modified_gmt":"2024-10-18T18:56:37","slug":"3lab-tworzy-mobilne-questy-terenowe","status":"publish","type":"post","link":"https:\/\/3-lab.pl\/en\/2024\/10\/18\/3lab-tworzy-mobilne-questy-terenowe\/","title":{"rendered":"3LAB tworzy mobilne questy terenowe"},"content":{"rendered":"<p>Grupa 18 uczni\u00f3w z klas pierwszych i drugich 3LO, pod opiek\u0105 pani Anny Rzepy, wzi\u0119\u0142a udzia\u0142 w wyj\u0105tkowych warsztatach projektowania mobilnych quest\u00f3w terenowych. Zaj\u0119cia zosta\u0142y zorganizowane przez Fundacj\u0119 Good Culture we wsp\u00f3\u0142pracy z Muzeum Miasta Gdyni.<\/p>\n<p>Warsztaty odby\u0142y si\u0119 w ramach projektu \u201eMODERNIZM TALKING. M\u0142odzie\u017c dla m\u0142odzie\u017cy o architekturze modernizmu\u201d, kt\u00f3rego celem jest promowanie wiedzy na temat architektury modernizmu \u2013 jej pi\u0119kna, uniwersalnych za\u0142o\u017ce\u0144 i nieprzemijaj\u0105cej warto\u015bci.<\/p>\n<p>Podczas cz\u0119\u015bci technicznej uczniowie zapoznali si\u0119 z fi\u0144skim narz\u0119dziem do tworzenia gier \u2013 Action Track. Wprowadzenie obejmowa\u0142o elementy takie jak: tworzenie trasy, opracowywanie zada\u0144 i punktacji, r\u00f3\u017cnorodne typy odpowiedzi, budowanie feedbacku oraz tworzenie grafiki do questu. Podzieleni na siedem zespo\u0142\u00f3w, uczniowie ju\u017c po godzinie pracy przygotowali i uruchomili miniquesty w Parku Rady Europy, kt\u00f3re natychmiast przetestowali w terenie.<\/p>\n<p>W cz\u0119\u015bci merytorycznej warsztat\u00f3w uczniowie poznali 5 zasad Le Corbusiera \u2013 wybitnego architekta modernizmu. Zasady te k\u0142ad\u0105 nacisk na zapewnienie budynkom dost\u0119pu do \u015bwiat\u0142a, przestrzeni i zieleni, a jednocze\u015bnie na ich funkcjonalno\u015b\u0107, estetyk\u0119 i ekonomiczno\u015b\u0107. Nast\u0119pnie uczestnicy opracowali koncepcje fabularne i zadania, kt\u00f3re stan\u0105 si\u0119 cz\u0119\u015bci\u0105 finalnego questu \u201eMODERNIZM TALKING\u201d.<\/p>\n<p>Premiera questu odb\u0119dzie si\u0119 23 pa\u017adziernika 2024 roku o godzinie 12:30. Start i meta wydarzenia zaplanowane s\u0105 w Muzeum Miasta Gdyni.<\/p>\n<p>To inspiruj\u0105ce do\u015bwiadczenie nie tylko zbli\u017cy\u0142o uczni\u00f3w do tematyki modernizmu, ale r\u00f3wnie\u017c da\u0142o im mo\u017cliwo\u015b\u0107 praktycznego zastosowania wiedzy i umiej\u0119tno\u015bci w tworzeniu nowoczesnych form edukacyjnych.<br \/>\n<img class=\"alignnone size-medium wp-image-6897\" src=\"http:\/\/3-lab.pl\/wp-content\/uploads\/2024\/10\/IMG_8365-605x433.jpeg\" alt=\"\" width=\"605\" height=\"433\" srcset=\"https:\/\/3-lab.pl\/wp-content\/uploads\/2024\/10\/IMG_8365-605x433.jpeg 605w, https:\/\/3-lab.pl\/wp-content\/uploads\/2024\/10\/IMG_8365-768x550.jpeg 768w, https:\/\/3-lab.pl\/wp-content\/uploads\/2024\/10\/IMG_8365-16x12.jpeg 16w, https:\/\/3-lab.pl\/wp-content\/uploads\/2024\/10\/IMG_8365-1005x720.jpeg 1005w, https:\/\/3-lab.pl\/wp-content\/uploads\/2024\/10\/IMG_8365.jpeg 1170w\" sizes=\"(max-width: 605px) 100vw, 605px\" \/> <img class=\"alignnone size-medium wp-image-6898\" src=\"http:\/\/3-lab.pl\/wp-content\/uploads\/2024\/10\/IMG_8364-596x433.jpeg\" alt=\"\" width=\"596\" height=\"433\" srcset=\"https:\/\/3-lab.pl\/wp-content\/uploads\/2024\/10\/IMG_8364-596x433.jpeg 596w, https:\/\/3-lab.pl\/wp-content\/uploads\/2024\/10\/IMG_8364-768x558.jpeg 768w, https:\/\/3-lab.pl\/wp-content\/uploads\/2024\/10\/IMG_8364-16x12.jpeg 16w, https:\/\/3-lab.pl\/wp-content\/uploads\/2024\/10\/IMG_8364-991x720.jpeg 991w, https:\/\/3-lab.pl\/wp-content\/uploads\/2024\/10\/IMG_8364.jpeg 1170w\" sizes=\"(max-width: 596px) 100vw, 596px\" \/> <img class=\"alignnone size-medium wp-image-6899\" src=\"http:\/\/3-lab.pl\/wp-content\/uploads\/2024\/10\/IMG_8363-593x433.jpeg\" alt=\"\" width=\"593\" height=\"433\" srcset=\"https:\/\/3-lab.pl\/wp-content\/uploads\/2024\/10\/IMG_8363-593x433.jpeg 593w, https:\/\/3-lab.pl\/wp-content\/uploads\/2024\/10\/IMG_8363-768x561.jpeg 768w, https:\/\/3-lab.pl\/wp-content\/uploads\/2024\/10\/IMG_8363-16x12.jpeg 16w, https:\/\/3-lab.pl\/wp-content\/uploads\/2024\/10\/IMG_8363-986x720.jpeg 986w, https:\/\/3-lab.pl\/wp-content\/uploads\/2024\/10\/IMG_8363.jpeg 1170w\" sizes=\"(max-width: 593px) 100vw, 593px\" \/> <img class=\"alignnone size-medium wp-image-6900\" src=\"http:\/\/3-lab.pl\/wp-content\/uploads\/2024\/10\/IMG_8361-650x424.jpeg\" alt=\"\" width=\"650\" height=\"424\" srcset=\"https:\/\/3-lab.pl\/wp-content\/uploads\/2024\/10\/IMG_8361-650x424.jpeg 650w, https:\/\/3-lab.pl\/wp-content\/uploads\/2024\/10\/IMG_8361-768x501.jpeg 768w, https:\/\/3-lab.pl\/wp-content\/uploads\/2024\/10\/IMG_8361-16x10.jpeg 16w, https:\/\/3-lab.pl\/wp-content\/uploads\/2024\/10\/IMG_8361-1104x720.jpeg 1104w, https:\/\/3-lab.pl\/wp-content\/uploads\/2024\/10\/IMG_8361.jpeg 1170w\" sizes=\"(max-width: 650px) 100vw, 650px\" \/><\/p>","protected":false},"excerpt":{"rendered":"<p>Grupa 18 uczni\u00f3w z klas pierwszych i drugich 3LO, pod opiek\u0105 pani Anny Rzepy, wzi\u0119\u0142a udzia\u0142 w wyj\u0105tkowych warsztatach projektowania mobilnych quest\u00f3w terenowych. Zaj\u0119cia zosta\u0142y zorganizowane przez Fundacj\u0119 Good Culture we wsp\u00f3\u0142pracy z Muzeum Miasta Gdyni. Warsztaty odby\u0142y si\u0119 w ramach projektu \u201eMODERNIZM TALKING. M\u0142odzie\u017c dla m\u0142odzie\u017cy o architekturze modernizmu\u201d, kt\u00f3rego celem jest promowanie wiedzy [&hellip;]<\/p>","protected":false},"author":38,"featured_media":6901,"comment_status":"closed","ping_status":"closed","sticky":false,"template":"","format":"standard","meta":{"spay_email":""},"categories":[1],"tags":[],"jetpack_featured_media_url":"https:\/\/3-lab.pl\/wp-content\/uploads\/2024\/10\/IMG_8362.jpeg","_links":{"self":[{"href":"https:\/\/3-lab.pl\/en\/wp-json\/wp\/v2\/posts\/6896"}],"collection":[{"href":"https:\/\/3-lab.pl\/en\/wp-json\/wp\/v2\/posts"}],"about":[{"href":"https:\/\/3-lab.pl\/en\/wp-json\/wp\/v2\/types\/post"}],"author":[{"embeddable":true,"href":"https:\/\/3-lab.pl\/en\/wp-json\/wp\/v2\/users\/38"}],"replies":[{"embeddable":true,"href":"https:\/\/3-lab.pl\/en\/wp-json\/wp\/v2\/comments?post=6896"}],"version-history":[{"count":1,"href":"https:\/\/3-lab.pl\/en\/wp-json\/wp\/v2\/posts\/6896\/revisions"}],"predecessor-version":[{"id":6902,"href":"https:\/\/3-lab.pl\/en\/wp-json\/wp\/v2\/posts\/6896\/revisions\/6902"}],"wp:featuredmedia":[{"embeddable":true,"href":"https:\/\/3-lab.pl\/en\/wp-json\/wp\/v2\/media\/6901"}],"wp:attachment":[{"href":"https:\/\/3-lab.pl\/en\/wp-json\/wp\/v2\/media?parent=6896"}],"wp:term":[{"taxonomy":"category","embeddable":true,"href":"https:\/\/3-lab.pl\/en\/wp-json\/wp\/v2\/categories?post=6896"},{"taxonomy":"post_tag","embeddable":true,"href":"https:\/\/3-lab.pl\/en\/wp-json\/wp\/v2\/tags?post=6896"}],"curies":[{"name":"wp","href":"https:\/\/api.w.org\/{rel}","templated":true}]}}