{"id":6697,"date":"2024-05-01T12:12:54","date_gmt":"2024-05-01T10:12:54","guid":{"rendered":"http:\/\/3-lab.pl\/?p=6697"},"modified":"2024-05-01T12:12:54","modified_gmt":"2024-05-01T10:12:54","slug":"ogromny-sukces-uczniow-trojki-w-konkursiemlody-innnowator","status":"publish","type":"post","link":"https:\/\/3-lab.pl\/en\/2024\/05\/01\/ogromny-sukces-uczniow-trojki-w-konkursiemlody-innnowator\/","title":{"rendered":"Ogromny sukces uczni\u00f3w Tr\u00f3jki w konkursie,,M\u0142ody Innnowator\u201d"},"content":{"rendered":"<ul>\n<li><\/li>\n<\/ul>\n<p align=\"JUSTIFY\">Zako\u0144czy\u0142 si\u0119 XVII Konkurs \u201eM\u0142ody Innowator 2023\/24\u201d, w kt\u00f3rym uczestniczy\u0142a m\u0142odzie\u017c z kilkudziesi\u0119ciu szk\u00f3\u0142 r\u00f3\u017cnych typ\u00f3w z ca\u0142ej Polski. Jury Konkursu pod przewodnictwem Prezes FSNT-NOT Ewy Ma\u0144kiewicz-Cudny (<b>FSNT-NOT: Federacja Stowarzysze\u0144 Naukowo-Technicznych \u2013 Naczelna Organizacja Techniczna<\/b>) oceni\u0142o prace wykonane przez uczni\u00f3w i uczennice ze szk\u00f3\u0142 podstawowych oraz szk\u00f3\u0142 ponadpodstawowych (licea i technika) m.in. pod wzgl\u0119dem pomys\u0142owo\u015bci, oryginalno\u015bci rozwi\u0105zania, przydatno\u015bci, wp\u0142ywu na popraw\u0119 warunk\u00f3w bezpiecze\u0144stwa, dost\u0119pno\u015bci wykorzystanych materia\u0142\u00f3w, estetyki wykonania, przygotowanej dokumentacji i projektu oraz umiej\u0119tno\u015bci pracy w zespole.<\/p>\n<p align=\"JUSTIFY\">Konkurs odbywa si\u0119 pod patronatem Ministra Edukacji Narodowej. Patronat medialny sprawowa\u0142 Przegl\u0105d Techniczny \u2013 najstarsze czasopismo techniczne w Polsce i Europie.<\/p>\n<p align=\"JUSTIFY\"><b>Ogromny sukces odnios\u0142a m\u0142odzie\u017c z III Liceum Og\u00f3lnokszta\u0142c\u0105cego im. Marynarki Wojennej RP w Gdyni. Reprezentanci i reprezentantki gdy\u0144skiej Tr\u00f3jki zaj\u0119li\/zaj\u0119\u0142y ca\u0142e podium w kategorii lice\u00f3w og\u00f3lnokszta\u0142c\u0105cych!<\/b><\/p>\n<p align=\"JUSTIFY\"><b>LAUREACI XVII EDYCJI KONKURSU \u201eM\u0141ODY INNOWATOR 2023\/2024\u201d<\/b><br \/>\n<b>W kategorii liceum og\u00f3lnokszta\u0142c\u0105ce:<\/b><\/p>\n<p align=\"JUSTIFY\"><b>I miejsce: Alex PETIT \u2013 kl. II, Maksymilian DOBROWOLSKI \u2013 kl. II<\/b> z III Liceum Og\u00f3lnokszta\u0142c\u0105cego z Oddzia\u0142ami Dwuj\u0119zycznymi im. Marynarki Wojennej RP w Gdyni za projekt \u201eAQUA GUARDIAN \u2013 BA\u0141TYCKIE BARIERY PRZYSZ\u0141O\u015aCI\u201d przygotowany pod kierunkiem mgr <b>Anny Rzepy<\/b><\/p>\n<p align=\"JUSTIFY\"><img class=\"alignnone size-full wp-image-21645 lazyloaded\" src=\"https:\/\/www.lo3.gdynia.pl\/wp-content\/uploads\/2024\/04\/Alex-i-Maksymilian-941a90f14c67cd2c286da1312a53fb0d-1.png\" sizes=\"(max-width: 500px) 100vw, 500px\" srcset=\"https:\/\/www.lo3.gdynia.pl\/wp-content\/uploads\/2024\/04\/Alex-i-Maksymilian-941a90f14c67cd2c286da1312a53fb0d-1.png 500w, https:\/\/www.lo3.gdynia.pl\/wp-content\/uploads\/2024\/04\/Alex-i-Maksymilian-941a90f14c67cd2c286da1312a53fb0d-1-300x169.png 300w\" alt=\"\" width=\"500\" height=\"281\" data-srcset=\"https:\/\/www.lo3.gdynia.pl\/wp-content\/uploads\/2024\/04\/Alex-i-Maksymilian-941a90f14c67cd2c286da1312a53fb0d-1.png 500w, https:\/\/www.lo3.gdynia.pl\/wp-content\/uploads\/2024\/04\/Alex-i-Maksymilian-941a90f14c67cd2c286da1312a53fb0d-1-300x169.png 300w\" data-src=\"https:\/\/www.lo3.gdynia.pl\/wp-content\/uploads\/2024\/04\/Alex-i-Maksymilian-941a90f14c67cd2c286da1312a53fb0d-1.png\" data-sizes=\"(max-width: 500px) 100vw, 500px\" \/><img class=\"wp-image-21169 size-medium alignleft lazyloaded\" src=\"https:\/\/www.lo3.gdynia.pl\/wp-content\/uploads\/2024\/04\/expl2-300x211.jpg\" sizes=\"(max-width: 300px) 100vw, 300px\" srcset=\"https:\/\/www.lo3.gdynia.pl\/wp-content\/uploads\/2024\/04\/expl2-300x211.jpg 300w, https:\/\/www.lo3.gdynia.pl\/wp-content\/uploads\/2024\/04\/expl2-1024x721.jpg 1024w, https:\/\/www.lo3.gdynia.pl\/wp-content\/uploads\/2024\/04\/expl2-768x541.jpg 768w, https:\/\/www.lo3.gdynia.pl\/wp-content\/uploads\/2024\/04\/expl2-1536x1082.jpg 1536w, https:\/\/www.lo3.gdynia.pl\/wp-content\/uploads\/2024\/04\/expl2-2048x1443.jpg 2048w\" alt=\"\" width=\"300\" height=\"211\" data-srcset=\"https:\/\/www.lo3.gdynia.pl\/wp-content\/uploads\/2024\/04\/expl2-300x211.jpg 300w, https:\/\/www.lo3.gdynia.pl\/wp-content\/uploads\/2024\/04\/expl2-1024x721.jpg 1024w, https:\/\/www.lo3.gdynia.pl\/wp-content\/uploads\/2024\/04\/expl2-768x541.jpg 768w, https:\/\/www.lo3.gdynia.pl\/wp-content\/uploads\/2024\/04\/expl2-1536x1082.jpg 1536w, https:\/\/www.lo3.gdynia.pl\/wp-content\/uploads\/2024\/04\/expl2-2048x1443.jpg 2048w\" data-src=\"https:\/\/www.lo3.gdynia.pl\/wp-content\/uploads\/2024\/04\/expl2-300x211.jpg\" data-sizes=\"(max-width: 300px) 100vw, 300px\" \/><\/p>\n<p>&nbsp;<\/p>\n<p>&nbsp;<\/p>\n<p>&nbsp;<\/p>\n<p>&nbsp;<\/p>\n<p>&nbsp;<\/p>\n<p>&nbsp;<\/p>\n<p><i><b>Abstrakt: <\/b><\/i><i>Projekt \u201eAqua Guardian\u201d to inicjatywa skupiaj\u0105ca si\u0119 na opracowaniu zaawansowanych system\u00f3w filtracyjnych do wy\u0142apywania plastiku z rzek nadba\u0142tyckich. Celem jest redukcja zanieczyszcze\u0144 w ekosystemie morskim. Wykorzystuje on innowacyjne technologie, w tym automatyzacj\u0119 i AI, do efektywnego zarz\u0105dzania. \u201eAqua Guardian\u201d \u0142\u0105czy aspekty technologiczne, \u015brodowiskowe i spo\u0142eczne. Odpowiada na cele zr\u00f3wnowa\u017conego rozwoju ONZ, wyr\u00f3\u017cniaj\u0105c si\u0119 niskimi kosztami i ekologicznymi rozwi\u0105zaniami. Projekt stanowi odpowied\u017a na globalne wyzwania ekologiczne, \u0142\u0105cz\u0105c ochron\u0119 \u015brodowiska morskiego z edukacj\u0105 i \u015bwiadomo\u015bci\u0105 spo\u0142eczn\u0105.<\/i><\/p>\n<p align=\"JUSTIFY\"><b>II miejsce: Leon KRUPPA \u2013 kl. II, Kornelia WIECZOREK \u2013 kl. II <\/b>z III Liceum Og\u00f3lnokszta\u0142c\u0105cego z Oddzia\u0142ami Dwuj\u0119zycznymi im. Marynarki Wojennej RP w Gdyni za projekt \u201eSK\u00d3RA BEZ OBAW \u2013 APLIKACJA SZTUCZNEJ INTELIGENCJI DO DIAGNOSTYKI ZMIAN SK\u00d3RNYCH\u201d przygotowany pod kierunkiem mgr <b>Anny Rzepy<\/b><\/p>\n<p align=\"JUSTIFY\"><img class=\"wp-image-21646 size-medium alignleft lazyloaded\" src=\"https:\/\/www.lo3.gdynia.pl\/wp-content\/uploads\/2024\/04\/Kornelia-i-Leon-941a90f14c67cd2c286da1312a53fb0d-2-300x244.png\" sizes=\"(max-width: 300px) 100vw, 300px\" srcset=\"https:\/\/www.lo3.gdynia.pl\/wp-content\/uploads\/2024\/04\/Kornelia-i-Leon-941a90f14c67cd2c286da1312a53fb0d-2-300x244.png 300w, https:\/\/www.lo3.gdynia.pl\/wp-content\/uploads\/2024\/04\/Kornelia-i-Leon-941a90f14c67cd2c286da1312a53fb0d-2-1024x832.png 1024w, https:\/\/www.lo3.gdynia.pl\/wp-content\/uploads\/2024\/04\/Kornelia-i-Leon-941a90f14c67cd2c286da1312a53fb0d-2-768x624.png 768w, https:\/\/www.lo3.gdynia.pl\/wp-content\/uploads\/2024\/04\/Kornelia-i-Leon-941a90f14c67cd2c286da1312a53fb0d-2.png 1042w\" alt=\"\" width=\"300\" height=\"244\" data-srcset=\"https:\/\/www.lo3.gdynia.pl\/wp-content\/uploads\/2024\/04\/Kornelia-i-Leon-941a90f14c67cd2c286da1312a53fb0d-2-300x244.png 300w, https:\/\/www.lo3.gdynia.pl\/wp-content\/uploads\/2024\/04\/Kornelia-i-Leon-941a90f14c67cd2c286da1312a53fb0d-2-1024x832.png 1024w, https:\/\/www.lo3.gdynia.pl\/wp-content\/uploads\/2024\/04\/Kornelia-i-Leon-941a90f14c67cd2c286da1312a53fb0d-2-768x624.png 768w, https:\/\/www.lo3.gdynia.pl\/wp-content\/uploads\/2024\/04\/Kornelia-i-Leon-941a90f14c67cd2c286da1312a53fb0d-2.png 1042w\" data-src=\"https:\/\/www.lo3.gdynia.pl\/wp-content\/uploads\/2024\/04\/Kornelia-i-Leon-941a90f14c67cd2c286da1312a53fb0d-2-300x244.png\" data-sizes=\"(max-width: 300px) 100vw, 300px\" \/><\/p>\n<p>&nbsp;<\/p>\n<p>&nbsp;<\/p>\n<p>&nbsp;<\/p>\n<p>&nbsp;<\/p>\n<p>&nbsp;<\/p>\n<p>&nbsp;<\/p>\n<p><i><b><br \/>\nAbstrakt: <\/b><\/i><i>\u201eSk\u00f3ra Bez Obaw\u201d to aplikacja wychodz\u0105ca na przeciw rosn\u0105cym problemom zmian sk\u00f3rnych. Pozwala na obni\u017cenie koszt\u00f3w zwi\u0105zanych z diagnostyk\u0105 lekarsk\u0105, a na dodatek jest ca\u0142kowicie bezp\u0142atna. Nasz\u0105 grup\u0105 docelow\u0105 s\u0105 cz\u0119sto pomijane osoby starsze nie potrafi\u0105ce obs\u0142ugiwa\u0107 skomplikowanych aplikacji, wi\u0119c \u201eSk\u00f3ra bez Obaw\u201d zawiera czytelny film instrukta\u017cowy i formularz pozwalaj\u0105cy na spersonalizowane dopasowanie do potrzeb w tym opcje powi\u0119kszenia czcionki i lektora dla os\u00f3b niedos\u0142ysz\u0105cych i niedowidz\u0105cych. Zawiera tak\u017ce forum dyskusyjne, baz\u0119 lekarzy i FAQ, co umo\u017cliwia \u0142atw\u0105 interwencje w razie wykrycia zmian nowotworowych.<\/i><\/p>\n<p align=\"JUSTIFY\"><b>III miejsce: Diana SERJANT \u2013 kl. II, Kornelia WIECZOREK \u2013 kl. II<\/b> z III Liceum Og\u00f3lnokszta\u0142c\u0105cego z Oddzia\u0142ami Dwuj\u0119zycznymi im. Marynarki Wojennej RP w Gdyni za projekt \u201eRHIZOBIOTIC \u2013 INNOWACYJNY NAW\u00d3Z, KT\u00d3RY NIE PRZYCZYNIA SI\u0118 DO EUTROFIZACJI WODY I UMO\u017bLIWIA KONTROL\u0118 ETYLENU W RO\u015aLINACH\u201d przygotowany pod kierunkiem mgr<b> Anny Rzepy.<\/b><\/p>\n<p align=\"JUSTIFY\"><img class=\"wp-image-21644 size-medium alignleft lazyloaded\" src=\"https:\/\/www.lo3.gdynia.pl\/wp-content\/uploads\/2024\/04\/Diana-i-Kornelia-1-263x300.jpg\" sizes=\"(max-width: 263px) 100vw, 263px\" srcset=\"https:\/\/www.lo3.gdynia.pl\/wp-content\/uploads\/2024\/04\/Diana-i-Kornelia-1-263x300.jpg 263w, https:\/\/www.lo3.gdynia.pl\/wp-content\/uploads\/2024\/04\/Diana-i-Kornelia-1.jpg 692w\" alt=\"\" width=\"263\" height=\"300\" data-srcset=\"https:\/\/www.lo3.gdynia.pl\/wp-content\/uploads\/2024\/04\/Diana-i-Kornelia-1-263x300.jpg 263w, https:\/\/www.lo3.gdynia.pl\/wp-content\/uploads\/2024\/04\/Diana-i-Kornelia-1.jpg 692w\" data-src=\"https:\/\/www.lo3.gdynia.pl\/wp-content\/uploads\/2024\/04\/Diana-i-Kornelia-1-263x300.jpg\" data-sizes=\"(max-width: 263px) 100vw, 263px\" \/><img class=\"alignnone size-full wp-image-21647 lazyloaded\" src=\"https:\/\/www.lo3.gdynia.pl\/wp-content\/uploads\/2024\/04\/diana-i-kornelia.png\" sizes=\"(max-width: 631px) 100vw, 631px\" srcset=\"https:\/\/www.lo3.gdynia.pl\/wp-content\/uploads\/2024\/04\/diana-i-kornelia.png 631w, https:\/\/www.lo3.gdynia.pl\/wp-content\/uploads\/2024\/04\/diana-i-kornelia-300x268.png 300w\" alt=\"\" width=\"631\" height=\"564\" data-srcset=\"https:\/\/www.lo3.gdynia.pl\/wp-content\/uploads\/2024\/04\/diana-i-kornelia.png 631w, https:\/\/www.lo3.gdynia.pl\/wp-content\/uploads\/2024\/04\/diana-i-kornelia-300x268.png 300w\" data-src=\"https:\/\/www.lo3.gdynia.pl\/wp-content\/uploads\/2024\/04\/diana-i-kornelia.png\" data-sizes=\"(max-width: 631px) 100vw, 631px\" \/><\/p>\n<p align=\"JUSTIFY\">Na specjalne podkre\u015blenie zas\u0142uguje fakt, i\u017c wszystkie prace, kt\u00f3re przesz\u0142y do III fina\u0142owego etapu prezentowa\u0142y wysoki poziom i wykazywa\u0142y kreatywno\u015b\u0107 dzieci i m\u0142odzie\u017cy oraz du\u017ce zaanga\u017cowanie opiekun\u00f3w. Prace dowodz\u0105, i\u017c m\u0142odzi ludzie maj\u0105 wiele wspania\u0142ych pomys\u0142\u00f3w, a idea konkursu \u201eMam pomys\u0142 na innowacyjne rozwi\u0105zanie\u201d znajduje zrozumienie u opiekun\u00f3w.<\/p>","protected":false},"excerpt":{"rendered":"<p>Zako\u0144czy\u0142 si\u0119 XVII Konkurs \u201eM\u0142ody Innowator 2023\/24\u201d, w kt\u00f3rym uczestniczy\u0142a m\u0142odzie\u017c z kilkudziesi\u0119ciu szk\u00f3\u0142 r\u00f3\u017cnych typ\u00f3w z ca\u0142ej Polski. Jury Konkursu pod przewodnictwem Prezes FSNT-NOT Ewy Ma\u0144kiewicz-Cudny (FSNT-NOT: Federacja Stowarzysze\u0144 Naukowo-Technicznych \u2013 Naczelna Organizacja Techniczna) oceni\u0142o prace wykonane przez uczni\u00f3w i uczennice ze szk\u00f3\u0142 podstawowych oraz szk\u00f3\u0142 ponadpodstawowych (licea i technika) m.in. pod wzgl\u0119dem pomys\u0142owo\u015bci, [&hellip;]<\/p>","protected":false},"author":38,"featured_media":6698,"comment_status":"closed","ping_status":"closed","sticky":false,"template":"","format":"standard","meta":{"spay_email":""},"categories":[1],"tags":[],"jetpack_featured_media_url":"https:\/\/3-lab.pl\/wp-content\/uploads\/2024\/05\/IMG_2956.jpeg","_links":{"self":[{"href":"https:\/\/3-lab.pl\/en\/wp-json\/wp\/v2\/posts\/6697"}],"collection":[{"href":"https:\/\/3-lab.pl\/en\/wp-json\/wp\/v2\/posts"}],"about":[{"href":"https:\/\/3-lab.pl\/en\/wp-json\/wp\/v2\/types\/post"}],"author":[{"embeddable":true,"href":"https:\/\/3-lab.pl\/en\/wp-json\/wp\/v2\/users\/38"}],"replies":[{"embeddable":true,"href":"https:\/\/3-lab.pl\/en\/wp-json\/wp\/v2\/comments?post=6697"}],"version-history":[{"count":1,"href":"https:\/\/3-lab.pl\/en\/wp-json\/wp\/v2\/posts\/6697\/revisions"}],"predecessor-version":[{"id":6699,"href":"https:\/\/3-lab.pl\/en\/wp-json\/wp\/v2\/posts\/6697\/revisions\/6699"}],"wp:featuredmedia":[{"embeddable":true,"href":"https:\/\/3-lab.pl\/en\/wp-json\/wp\/v2\/media\/6698"}],"wp:attachment":[{"href":"https:\/\/3-lab.pl\/en\/wp-json\/wp\/v2\/media?parent=6697"}],"wp:term":[{"taxonomy":"category","embeddable":true,"href":"https:\/\/3-lab.pl\/en\/wp-json\/wp\/v2\/categories?post=6697"},{"taxonomy":"post_tag","embeddable":true,"href":"https:\/\/3-lab.pl\/en\/wp-json\/wp\/v2\/tags?post=6697"}],"curies":[{"name":"wp","href":"https:\/\/api.w.org\/{rel}","templated":true}]}}