{"id":6684,"date":"2024-04-22T16:58:20","date_gmt":"2024-04-22T14:58:20","guid":{"rendered":"http:\/\/3-lab.pl\/?p=6684"},"modified":"2024-04-22T16:58:20","modified_gmt":"2024-04-22T14:58:20","slug":"instagram-3labu-w-nowym-wydaniu-z-szymonem-gluchowskim-na-czele","status":"publish","type":"post","link":"https:\/\/3-lab.pl\/en\/2024\/04\/22\/instagram-3labu-w-nowym-wydaniu-z-szymonem-gluchowskim-na-czele\/","title":{"rendered":"Instagram 3LABu w nowym wydaniu z Szymonem G\u0142uchowskim na czele"},"content":{"rendered":"<p>&nbsp;<\/p>\n<p>Nasz<span class=\"Apple-converted-space\">\u00a0 <\/span>Instagram<span class=\"Apple-converted-space\">\u00a0 <\/span>przeszed\u0142 gruntown\u0105 metamorfoz\u0119! Now\u0105 ods\u0142on\u0119 naszego profilu z dum\u0105 prowadzi nasz utalentowany kolega, Szymon G\u0142uchowski!<\/p>\n<p>Od momentu obj\u0119cia przez Szymona kierownictwa nad<span class=\"Apple-converted-space\">\u00a0 <\/span>3LABowym profilem na instagramie nasza obecno\u015b\u0107 w mediach spo\u0142eczno\u015bciowych nabra\u0142a impetu. Prawie codziennie publikujemy nowe relacje, kt\u00f3re ukazuj\u0105 kulisy naszej pracy, a profil wype\u0142niaj\u0105 zdj\u0119cia naszych projekt\u00f3w i wydarze\u0144.<\/p>\n<p>Zach\u0119camy do odwiedzania naszego profilu na Instagramie, aby by\u0107 na bie\u017c\u0105co z najnowszymi wydarzeniami i aktywno\u015bciami .<\/p>\n<p>Link do ig:\u00a0<a href=\"https:\/\/www.instagram.com\/_3_lab_\/\">https:\/\/www.instagram.com\/_3_lab_\/<\/a><\/p>","protected":false},"excerpt":{"rendered":"<p>&nbsp; Nasz\u00a0 Instagram\u00a0 przeszed\u0142 gruntown\u0105 metamorfoz\u0119! Now\u0105 ods\u0142on\u0119 naszego profilu z dum\u0105 prowadzi nasz utalentowany kolega, Szymon G\u0142uchowski! Od momentu obj\u0119cia przez Szymona kierownictwa nad\u00a0 3LABowym profilem na instagramie nasza obecno\u015b\u0107 w mediach spo\u0142eczno\u015bciowych nabra\u0142a impetu. Prawie codziennie publikujemy nowe relacje, kt\u00f3re ukazuj\u0105 kulisy naszej pracy, a profil wype\u0142niaj\u0105 zdj\u0119cia naszych projekt\u00f3w i wydarze\u0144. Zach\u0119camy [&hellip;]<\/p>","protected":false},"author":38,"featured_media":6685,"comment_status":"closed","ping_status":"closed","sticky":false,"template":"","format":"standard","meta":{"spay_email":""},"categories":[1],"tags":[],"jetpack_featured_media_url":"https:\/\/3-lab.pl\/wp-content\/uploads\/2024\/04\/att.YEXIwZgfVPBQPqi9t2pb38NIXSqvjyTz77Sps524jtE-1.jpg","_links":{"self":[{"href":"https:\/\/3-lab.pl\/en\/wp-json\/wp\/v2\/posts\/6684"}],"collection":[{"href":"https:\/\/3-lab.pl\/en\/wp-json\/wp\/v2\/posts"}],"about":[{"href":"https:\/\/3-lab.pl\/en\/wp-json\/wp\/v2\/types\/post"}],"author":[{"embeddable":true,"href":"https:\/\/3-lab.pl\/en\/wp-json\/wp\/v2\/users\/38"}],"replies":[{"embeddable":true,"href":"https:\/\/3-lab.pl\/en\/wp-json\/wp\/v2\/comments?post=6684"}],"version-history":[{"count":1,"href":"https:\/\/3-lab.pl\/en\/wp-json\/wp\/v2\/posts\/6684\/revisions"}],"predecessor-version":[{"id":6686,"href":"https:\/\/3-lab.pl\/en\/wp-json\/wp\/v2\/posts\/6684\/revisions\/6686"}],"wp:featuredmedia":[{"embeddable":true,"href":"https:\/\/3-lab.pl\/en\/wp-json\/wp\/v2\/media\/6685"}],"wp:attachment":[{"href":"https:\/\/3-lab.pl\/en\/wp-json\/wp\/v2\/media?parent=6684"}],"wp:term":[{"taxonomy":"category","embeddable":true,"href":"https:\/\/3-lab.pl\/en\/wp-json\/wp\/v2\/categories?post=6684"},{"taxonomy":"post_tag","embeddable":true,"href":"https:\/\/3-lab.pl\/en\/wp-json\/wp\/v2\/tags?post=6684"}],"curies":[{"name":"wp","href":"https:\/\/api.w.org\/{rel}","templated":true}]}}