{"id":6671,"date":"2024-04-17T12:15:00","date_gmt":"2024-04-17T10:15:00","guid":{"rendered":"http:\/\/3-lab.pl\/?p=6671"},"modified":"2024-04-17T13:31:42","modified_gmt":"2024-04-17T11:31:42","slug":"wyjazd-terenowy-i-konsultacje-z-panem-bartoszem-plociennikiem-kierownikiem-nadmorskiego-parku-krajobrazowego","status":"publish","type":"post","link":"https:\/\/3-lab.pl\/en\/2024\/04\/17\/wyjazd-terenowy-i-konsultacje-z-panem-bartoszem-plociennikiem-kierownikiem-nadmorskiego-parku-krajobrazowego\/","title":{"rendered":"Wyjazd terenowy i konsultacje z Panem Bartoszem P\u0142\u00f3ciennikiem Kierownikiem Nadmorskiego Parku Krajobrazowego"},"content":{"rendered":"<style type='text\/css'>\r\n                #gallery-1 {\r\n                    margin: auto;\r\n                }\r\n                #gallery-1 .gallery-item {\r\n                    float: left;\r\n                    margin-top: 10px;\r\n                    text-align: center;\r\n                    width: 50%;\r\n                }\r\n                #gallery-1 img {\r\n                    border: 2px solid #cfcfcf;\r\n                }\r\n                #gallery-1 .gallery-caption {\r\n                    margin-left: 0;\r\n                }\r\n                \r\n                \r\n                \r\n                \/* see gallery_shortcode() in wp-includes\/media.php *\/\r\n            <\/style>\n\t\t<div id='gallery-1' class='gallery galleryid-6671 gallery-columns-2 gallery-size-medium'><dl class='gallery-item'>\r\n                <dt class='gallery-icon portrait'>\r\n                    <a href='https:\/\/3-lab.pl\/en\/2024\/04\/17\/wyjazd-terenowy-i-konsultacje-z-panem-bartoszem-plociennikiem-kierownikiem-nadmorskiego-parku-krajobrazowego\/image-4\/#main'><img width=\"325\" height=\"433\" src=\"https:\/\/3-lab.pl\/wp-content\/uploads\/2024\/04\/image-4-325x433.png\" class=\"attachment-medium size-medium\" alt=\"\" srcset=\"https:\/\/3-lab.pl\/wp-content\/uploads\/2024\/04\/image-4-325x433.png 325w, https:\/\/3-lab.pl\/wp-content\/uploads\/2024\/04\/image-4-650x867.png 650w, https:\/\/3-lab.pl\/wp-content\/uploads\/2024\/04\/image-4-768x1024.png 768w, https:\/\/3-lab.pl\/wp-content\/uploads\/2024\/04\/image-4-1152x1536.png 1152w, https:\/\/3-lab.pl\/wp-content\/uploads\/2024\/04\/image-4-9x12.png 9w, https:\/\/3-lab.pl\/wp-content\/uploads\/2024\/04\/image-4-540x720.png 540w, https:\/\/3-lab.pl\/wp-content\/uploads\/2024\/04\/image-4.png 1500w\" sizes=\"(max-width: 325px) 100vw, 325px\" \/><\/a>\r\n                <\/dt><\/dl><dl class='gallery-item'>\r\n                <dt class='gallery-icon landscape'>\r\n                    <a href='https:\/\/3-lab.pl\/en\/2024\/04\/17\/wyjazd-terenowy-i-konsultacje-z-panem-bartoszem-plociennikiem-kierownikiem-nadmorskiego-parku-krajobrazowego\/image-6\/#main'><img width=\"576\" height=\"433\" src=\"https:\/\/3-lab.pl\/wp-content\/uploads\/2024\/04\/image-6-576x433.png\" class=\"attachment-medium size-medium\" alt=\"\" srcset=\"https:\/\/3-lab.pl\/wp-content\/uploads\/2024\/04\/image-6-576x433.png 576w, https:\/\/3-lab.pl\/wp-content\/uploads\/2024\/04\/image-6-768x577.png 768w, https:\/\/3-lab.pl\/wp-content\/uploads\/2024\/04\/image-6-16x12.png 16w, https:\/\/3-lab.pl\/wp-content\/uploads\/2024\/04\/image-6-959x720.png 959w, https:\/\/3-lab.pl\/wp-content\/uploads\/2024\/04\/image-6.png 1137w\" sizes=\"(max-width: 576px) 100vw, 576px\" \/><\/a>\r\n                <\/dt><\/dl><br style=\"clear: both\" \/><\/div>\n\n<p>15.04 dzi\u0119ki wsp\u00f3\u0142pracy z <strong>Kierownikiem\u00a0 Nadmorskiego Parku Krajobrazowego\u00a0 Panem Bartoszem P\u0142\u00f3ciennikiem<\/strong> odby\u0142o si\u0119 wyj\u0105tkowe spotkanie konsultacyjne i wyjazd terenowy. Uczniowie (Alex Petit i Maksymilian Dobrowolski) wraz z opiekunk\u0105 projektu (pani\u0105 Ann\u0105 Rzep\u0105) mieli okazj\u0119 dowiedzie\u0107 si\u0119 wiele o parku oraz o aktualnym stanie polskich rzek, jednocze\u015bnie poszukuj\u0105c odpowiedniego miejsca na zbudowanie modelu &#8211; prototypu dla\u00a0 projektu \u201cAquaGuardian\u201d. Podczas wizyty odwiedzili a\u017c 8 rzek, mi\u0119dzy innymi Red\u0119, Karwiank\u0119, a teraz czeka ich wyb\u00f3r najbardziej pasuj\u0105cej rzeki do projektu. W dalszej cz\u0119\u015bci projektu czekaj\u0105 ich konsultacje z dyrektorem W\u00f3d Polskich.<\/p>\n<p>Wyjazd by\u0142 niezapomniany, w szczeg\u00f3lnosci rezerwat BEKA. Bardzo dziekujemy Panu Bartkowi za niesamowity czas i merytoryczne konsultacje.<\/p>\n<p>Autor: Alex Petit<\/p>","protected":false},"excerpt":{"rendered":"<p>15.04 dzi\u0119ki wsp\u00f3\u0142pracy z Kierownikiem\u00a0 Nadmorskiego Parku Krajobrazowego\u00a0 Panem Bartoszem P\u0142\u00f3ciennikiem odby\u0142o si\u0119 wyj\u0105tkowe spotkanie konsultacyjne i wyjazd terenowy. Uczniowie (Alex Petit i Maksymilian Dobrowolski) wraz z opiekunk\u0105 projektu (pani\u0105 Ann\u0105 Rzep\u0105) mieli okazj\u0119 dowiedzie\u0107 si\u0119 wiele o parku oraz o aktualnym stanie polskich rzek, jednocze\u015bnie poszukuj\u0105c odpowiedniego miejsca na zbudowanie modelu &#8211; prototypu dla\u00a0 [&hellip;]<\/p>","protected":false},"author":2,"featured_media":6672,"comment_status":"closed","ping_status":"closed","sticky":false,"template":"","format":"standard","meta":{"spay_email":""},"categories":[1],"tags":[],"jetpack_featured_media_url":"https:\/\/3-lab.pl\/wp-content\/uploads\/2024\/04\/image-5.png","_links":{"self":[{"href":"https:\/\/3-lab.pl\/en\/wp-json\/wp\/v2\/posts\/6671"}],"collection":[{"href":"https:\/\/3-lab.pl\/en\/wp-json\/wp\/v2\/posts"}],"about":[{"href":"https:\/\/3-lab.pl\/en\/wp-json\/wp\/v2\/types\/post"}],"author":[{"embeddable":true,"href":"https:\/\/3-lab.pl\/en\/wp-json\/wp\/v2\/users\/2"}],"replies":[{"embeddable":true,"href":"https:\/\/3-lab.pl\/en\/wp-json\/wp\/v2\/comments?post=6671"}],"version-history":[{"count":3,"href":"https:\/\/3-lab.pl\/en\/wp-json\/wp\/v2\/posts\/6671\/revisions"}],"predecessor-version":[{"id":6677,"href":"https:\/\/3-lab.pl\/en\/wp-json\/wp\/v2\/posts\/6671\/revisions\/6677"}],"wp:featuredmedia":[{"embeddable":true,"href":"https:\/\/3-lab.pl\/en\/wp-json\/wp\/v2\/media\/6672"}],"wp:attachment":[{"href":"https:\/\/3-lab.pl\/en\/wp-json\/wp\/v2\/media?parent=6671"}],"wp:term":[{"taxonomy":"category","embeddable":true,"href":"https:\/\/3-lab.pl\/en\/wp-json\/wp\/v2\/categories?post=6671"},{"taxonomy":"post_tag","embeddable":true,"href":"https:\/\/3-lab.pl\/en\/wp-json\/wp\/v2\/tags?post=6671"}],"curies":[{"name":"wp","href":"https:\/\/api.w.org\/{rel}","templated":true}]}}