{"id":6603,"date":"2024-04-10T11:52:15","date_gmt":"2024-04-10T09:52:15","guid":{"rendered":"http:\/\/3-lab.pl\/?p=6603"},"modified":"2024-04-13T22:47:20","modified_gmt":"2024-04-13T20:47:20","slug":"6603","status":"publish","type":"post","link":"https:\/\/3-lab.pl\/en\/2024\/04\/10\/6603\/","title":{"rendered":"Wsp\u00f3\u0142praca z wydzia\u0142em Wzornictwa ASP Gda\u0144sk"},"content":{"rendered":"<p><img class=\"alignnone size-full wp-image-6604 aligncenter\" src=\"http:\/\/3-lab.pl\/wp-content\/uploads\/2024\/04\/pobrane-3.png\" alt=\"\" width=\"225\" height=\"225\" srcset=\"https:\/\/3-lab.pl\/wp-content\/uploads\/2024\/04\/pobrane-3.png 225w, https:\/\/3-lab.pl\/wp-content\/uploads\/2024\/04\/pobrane-3-12x12.png 12w, https:\/\/3-lab.pl\/wp-content\/uploads\/2024\/04\/pobrane-3-200x200.png 200w\" sizes=\"(max-width: 225px) 100vw, 225px\" \/><\/p>\n<p>Mi\u0142o nam poinformowa\u0107 o podpisaniu listu intencyjnego o wsp\u00f3\u0142pracy pomi\u0119dzy Akademi\u0105 Sztuk Pi\u0119knych w Gda\u0144sku &#8211; Wydzia\u0142em Wzornictwa, a III Liceum Og\u00f3lnokszta\u0142c\u0105cym im. Marynarki Wojennej w Gdyni.<\/p>\n<p>Bardzo dzi\u0119kujemy Panu dr Jakubowi Go\u0142\u0119biewskiemu &#8211; Dziekanowi Wydzia\u0142u Wzornictwa ASP w Gda\u0144sku za ch\u0119\u0107 wsp\u00f3\u0142pracy z 3 LAB, oraz Pani prodziekan ds. kierunku Wzornictwo Akademii Sztuk Pi\u0119knych za umo\u017cliwienie udzia\u0142u naszym uczniom w wyk\u0142adzie z autoprezentacji.<\/p>\n<blockquote>\n<div dir=\"ltr\">\n<div>\n<div dir=\"ltr\">\n<div>\n<div dir=\"ltr\">\n<div>\n<div dir=\"ltr\">\n<div dir=\"ltr\">\n<div><\/div>\n<\/div>\n<\/div>\n<\/div>\n<\/div>\n<\/div>\n<\/div>\n<\/div>\n<\/div>\n<\/blockquote>","protected":false},"excerpt":{"rendered":"<p>Mi\u0142o nam poinformowa\u0107 o podpisaniu listu intencyjnego o wsp\u00f3\u0142pracy pomi\u0119dzy Akademi\u0105 Sztuk Pi\u0119knych w Gda\u0144sku &#8211; Wydzia\u0142em Wzornictwa, a III Liceum Og\u00f3lnokszta\u0142c\u0105cym im. Marynarki Wojennej w Gdyni. Bardzo dzi\u0119kujemy Panu dr Jakubowi Go\u0142\u0119biewskiemu &#8211; Dziekanowi Wydzia\u0142u Wzornictwa ASP w Gda\u0144sku za ch\u0119\u0107 wsp\u00f3\u0142pracy z 3 LAB, oraz Pani prodziekan ds. kierunku Wzornictwo Akademii Sztuk Pi\u0119knych [&hellip;]<\/p>","protected":false},"author":2,"featured_media":6604,"comment_status":"closed","ping_status":"closed","sticky":false,"template":"","format":"standard","meta":{"spay_email":""},"categories":[1],"tags":[],"jetpack_featured_media_url":"https:\/\/3-lab.pl\/wp-content\/uploads\/2024\/04\/pobrane-3.png","_links":{"self":[{"href":"https:\/\/3-lab.pl\/en\/wp-json\/wp\/v2\/posts\/6603"}],"collection":[{"href":"https:\/\/3-lab.pl\/en\/wp-json\/wp\/v2\/posts"}],"about":[{"href":"https:\/\/3-lab.pl\/en\/wp-json\/wp\/v2\/types\/post"}],"author":[{"embeddable":true,"href":"https:\/\/3-lab.pl\/en\/wp-json\/wp\/v2\/users\/2"}],"replies":[{"embeddable":true,"href":"https:\/\/3-lab.pl\/en\/wp-json\/wp\/v2\/comments?post=6603"}],"version-history":[{"count":4,"href":"https:\/\/3-lab.pl\/en\/wp-json\/wp\/v2\/posts\/6603\/revisions"}],"predecessor-version":[{"id":6611,"href":"https:\/\/3-lab.pl\/en\/wp-json\/wp\/v2\/posts\/6603\/revisions\/6611"}],"wp:featuredmedia":[{"embeddable":true,"href":"https:\/\/3-lab.pl\/en\/wp-json\/wp\/v2\/media\/6604"}],"wp:attachment":[{"href":"https:\/\/3-lab.pl\/en\/wp-json\/wp\/v2\/media?parent=6603"}],"wp:term":[{"taxonomy":"category","embeddable":true,"href":"https:\/\/3-lab.pl\/en\/wp-json\/wp\/v2\/categories?post=6603"},{"taxonomy":"post_tag","embeddable":true,"href":"https:\/\/3-lab.pl\/en\/wp-json\/wp\/v2\/tags?post=6603"}],"curies":[{"name":"wp","href":"https:\/\/api.w.org\/{rel}","templated":true}]}}