{"id":6494,"date":"2024-03-17T20:25:46","date_gmt":"2024-03-17T19:25:46","guid":{"rendered":"http:\/\/3-lab.pl\/?p=6494"},"modified":"2024-04-03T09:09:32","modified_gmt":"2024-04-03T07:09:32","slug":"kolegium-prezydenckie-projekt-dzisiaj-jutro-pojutrze","status":"publish","type":"post","link":"https:\/\/3-lab.pl\/en\/2024\/03\/17\/kolegium-prezydenckie-projekt-dzisiaj-jutro-pojutrze\/","title":{"rendered":"Kolegium prezydenckie-projekt &#8222;Dzisiaj, Jutro, Pojutrze&#8221;"},"content":{"rendered":"<h3><strong>Gdy\u0144ska edukacja przechodzi rewolucj\u0119 \u2013 coraz cz\u0119\u015bciej w roli ekspert\u00f3w wyst\u0119puj\u0105 uczniowie. Tak jest z projektem \u201eDzisiaj, Jutro, Pojutrze\u201d, w ramach kt\u00f3rego m\u0142odzie\u017c przekazuje doros\u0142ym wiedz\u0119 na temat mo\u017cliwo\u015bci sztucznej inteligencji. Dzi\u015b zesp\u00f3\u0142 z gdy\u0144skiej \u201cTr\u00f3jki\u201d zorganizowa\u0142 szkolenie dla w\u0142adz miasta.<\/strong><\/h3>\n<p>\u2013 To innowacyjny, bardzo ciekawy i inspiruj\u0105cy projekt. Jeste\u015bmy dumni, \u017ce jego tw\u00f3rcami s\u0105 w\u0142a\u015bnie gdy\u0144scy uczniowie \u2013 m\u00f3wi<strong>\u00a0Bartosz Bartoszewicz,<\/strong>\u00a0wiceprezydent Gdyni ds. jako\u015bci \u017cycia. \u2013 Rzeczywisto\u015b\u0107, w kt\u00f3rej my doro\u015bli, uczymy si\u0119 od przedstawicieli m\u0142odszego pokolenia, to przysz\u0142o\u015b\u0107 edukacji, takiej jak\u0105 chcemy wdra\u017ca\u0107 w naszym mie\u015bcie. W roli ekspert\u00f3w mog\u0105 wyst\u0119powa\u0107 ci, kt\u00f3rzy tymi ekspertami si\u0119 staj\u0105, niezale\u017cnie od wieku. Coraz cz\u0119\u015bciej w gdy\u0144skich szko\u0142ach zapraszamy uczni\u00f3w do nauczycielskich biurek.<\/p>\n<p>Projekt gdy\u0144skiej \u201eTr\u00f3jki\u201d, przygotowa\u0142 zesp\u00f3\u0142 w sk\u0142adzie:\u00a0<strong>Hanna Ku\u017ami\u0142owicz, Ma\u0142gorzata Rutkowska, Zuzanna Jo\u0144czyk, Zuzanna Rudziks<\/strong>. Ich opiekunem jest\u00a0<strong>Anna Rzepa<\/strong>. Uczniowie stworzyli seri\u0119 interaktywnych wyk\u0142ad\u00f3w o sztucznej inteligencji (AI) dla sektora edukacji. Wa\u017cn\u0105 cz\u0119\u015bci\u0105 projektu jest Kodeks Etyki Uczniowskiej, kt\u00f3ry powsta\u0142 w III Liceum pod kierunkiem\u00a0<strong>Anny Czernihowskiej-Tymoszyk<\/strong>, a nad kt\u00f3rym pracowali uczniowie w sk\u0142adzie:\u00a0<strong>Jan Adach, Anna Bernat, Lena Maria Czerwi\u0144ska, Aniela Dlouchy, Nikodem Geraszek, Julia Hintz, Olga Kowalczyk, Maja Koz\u0142owska, Magdalena Kraszewska, Anna Michalak, Marianna Skowronek.<br \/>\n<\/strong><br \/>\nZainteresowanie projektem jest ogromne: uczennice, poza dyrektorami szk\u00f3\u0142 i nauczycielami, szkol\u0105 samorz\u0105dowc\u00f3w. M\u0142odzi specjali\u015bci:<strong>\u00a0Anna Bernat, Lena Maria Czerwi\u0144ska, Aniela Dlouchy, Nikodem Geraszek, Julia Hintz, Olga Kowalczyk, Maja Koz\u0142owska, Marta Majewska, Anna Michalak, Marianna Skowronek\u00a0<\/strong>napisali tak\u017ce raport, kt\u00f3ry jest podsumowaniem prezentacji i study guidem, dzi\u0119ki czemu odbiorcy po zako\u0144czeniu spotkania, otrzymaj\u0105 skondensowan\u0105 wiedz\u0119, notatki oraz przewodnik, jak korzysta\u0107 z modeli sztucznej inteligencji dost\u0119pnych w Internecie.<\/p>\n<p>\u017ar\u00f3d\u0142o:<\/p>\n<blockquote class=\"wp-embedded-content\" data-secret=\"C2pOObudAy\"><p><a href=\"https:\/\/edukacja.gdynia.pl\/eksperci-z-liceum-w-magistracie\/\">Eksperci z liceum w magistracie<\/a><\/p><\/blockquote>\n<p><iframe class=\"wp-embedded-content\" sandbox=\"allow-scripts\" security=\"restricted\" style=\"position: absolute; clip: rect(1px, 1px, 1px, 1px);\" title=\"&#8222;Eksperci z liceum w magistracie&#8221; &#8212; Gdynia Edukacyjna\" src=\"https:\/\/edukacja.gdynia.pl\/eksperci-z-liceum-w-magistracie\/embed\/#?secret=ITyFyuArHC#?secret=C2pOObudAy\" data-secret=\"C2pOObudAy\" width=\"600\" height=\"338\" frameborder=\"0\" marginwidth=\"0\" marginheight=\"0\" scrolling=\"no\"><\/iframe><\/p>","protected":false},"excerpt":{"rendered":"<p>Gdy\u0144ska edukacja przechodzi rewolucj\u0119 \u2013 coraz cz\u0119\u015bciej w roli ekspert\u00f3w wyst\u0119puj\u0105 uczniowie. Tak jest z projektem \u201eDzisiaj, Jutro, Pojutrze\u201d, w ramach kt\u00f3rego m\u0142odzie\u017c przekazuje doros\u0142ym wiedz\u0119 na temat mo\u017cliwo\u015bci sztucznej inteligencji. Dzi\u015b zesp\u00f3\u0142 z gdy\u0144skiej \u201cTr\u00f3jki\u201d zorganizowa\u0142 szkolenie dla w\u0142adz miasta. \u2013 To innowacyjny, bardzo ciekawy i inspiruj\u0105cy projekt. Jeste\u015bmy dumni, \u017ce jego tw\u00f3rcami s\u0105 [&hellip;]<\/p>","protected":false},"author":34,"featured_media":6496,"comment_status":"closed","ping_status":"closed","sticky":false,"template":"","format":"standard","meta":{"spay_email":""},"categories":[1],"tags":[],"jetpack_featured_media_url":"https:\/\/3-lab.pl\/wp-content\/uploads\/2024\/03\/prezydent.jpg","_links":{"self":[{"href":"https:\/\/3-lab.pl\/en\/wp-json\/wp\/v2\/posts\/6494"}],"collection":[{"href":"https:\/\/3-lab.pl\/en\/wp-json\/wp\/v2\/posts"}],"about":[{"href":"https:\/\/3-lab.pl\/en\/wp-json\/wp\/v2\/types\/post"}],"author":[{"embeddable":true,"href":"https:\/\/3-lab.pl\/en\/wp-json\/wp\/v2\/users\/34"}],"replies":[{"embeddable":true,"href":"https:\/\/3-lab.pl\/en\/wp-json\/wp\/v2\/comments?post=6494"}],"version-history":[{"count":2,"href":"https:\/\/3-lab.pl\/en\/wp-json\/wp\/v2\/posts\/6494\/revisions"}],"predecessor-version":[{"id":6543,"href":"https:\/\/3-lab.pl\/en\/wp-json\/wp\/v2\/posts\/6494\/revisions\/6543"}],"wp:featuredmedia":[{"embeddable":true,"href":"https:\/\/3-lab.pl\/en\/wp-json\/wp\/v2\/media\/6496"}],"wp:attachment":[{"href":"https:\/\/3-lab.pl\/en\/wp-json\/wp\/v2\/media?parent=6494"}],"wp:term":[{"taxonomy":"category","embeddable":true,"href":"https:\/\/3-lab.pl\/en\/wp-json\/wp\/v2\/categories?post=6494"},{"taxonomy":"post_tag","embeddable":true,"href":"https:\/\/3-lab.pl\/en\/wp-json\/wp\/v2\/tags?post=6494"}],"curies":[{"name":"wp","href":"https:\/\/api.w.org\/{rel}","templated":true}]}}