{"id":5982,"date":"2023-04-20T08:19:40","date_gmt":"2023-04-20T06:19:40","guid":{"rendered":"http:\/\/3-lab.pl\/?p=5982"},"modified":"2023-04-20T08:21:21","modified_gmt":"2023-04-20T06:21:21","slug":"artkomfort","status":"publish","type":"post","link":"https:\/\/3-lab.pl\/en\/2023\/04\/20\/artkomfort\/","title":{"rendered":"ART+Komfort"},"content":{"rendered":"<p><span data-contrast=\"none\">Nowy projekt artystyczny Pracowni Innowacji 3LAB o nazwie\u00a0<\/span><b><span data-contrast=\"none\">ART+Komfort<\/span><\/b><span data-contrast=\"none\">\u00a0dzi\u0119ki wsp\u00f3\u0142pracy z\u00a0<\/span><b><span data-contrast=\"none\">Invest Komfortem<\/span><\/b><span data-contrast=\"none\">\u00a0i cyklowi spotka\u0144 z architektami ma na celu poznawanie najlepszych wzorc\u00f3w i trend\u00f3w w poszukiwaniu inspiracji i pomys\u0142\u00f3w do zaprojektowania kolejnej przestrzeni \u2013 holu wej\u015bciowego do naszej szko\u0142y.<\/span><span data-ccp-props=\"{&quot;134233117&quot;:false,&quot;134233118&quot;:false,&quot;201341983&quot;:1,&quot;335551550&quot;:1,&quot;335551620&quot;:1,&quot;335559685&quot;:0,&quot;335559737&quot;:0,&quot;335559738&quot;:0,&quot;335559739&quot;:240,&quot;335559740&quot;:240}\">\u00a0<\/span><\/p>\n<p><span data-contrast=\"none\">Pomys\u0142 wsp\u00f3\u0142pracy z Invest Komfortem narodzi\u0142 si\u0119 podczas festiwalu architektonicznego Open House, kt\u00f3rego inicjatorami s\u0105\u00a0<strong>absolwenci naszej szko\u0142y<\/strong>: Pani\u00a0<\/span><b><span data-contrast=\"none\">Diana Lenart<\/span><\/b><span data-contrast=\"none\">\u00a0i Pan\u00a0<\/span><b><span data-contrast=\"none\">Micha\u0142 Ciomek<\/span><\/b><span data-contrast=\"none\">\u00a0\u2013\u00a0 wiceprezes zarz\u0105du wiod\u0105cej firmy deweloperskiej Invest Komfort, absolwent Architectural Association School of Architecture w Londynie. Przedstawiciele Invest Komfortu, ogl\u0105daj\u0105c wcze\u015bniejsze realizacje pomieszcze\u0144 naszej szko\u0142y wykonane przez grup\u0119 artystyczn\u0105 3LAB (hol g\u0142\u00f3wny z wn\u0119kami, sala historyczna, bibliosfera) postanowili pom\u00f3c nam w aran\u017cacji kolejnego wn\u0119trza w szkole.<\/span><\/p>\n<p><span data-contrast=\"none\">W ramach warsztat\u00f3w 29. marca 2023 r.\u00a0<\/span><b><span data-contrast=\"none\">grupa artystyczna Pracowni Innowacji 3 LAB\u00a0<\/span><\/b><span data-contrast=\"none\">mia\u0142a niezwyk\u0142\u0105 okazj\u0119 zobaczy\u0107 efekty bardzo przemy\u015blanego i z niezwyk\u0142\u0105 pieczo\u0142owito\u015bci\u0105 zrealizowanego projektu budowy Apartamentowca\u00a0<\/span><b><span data-contrast=\"none\">Portova Gdynia<\/span><\/b><span data-contrast=\"none\">.\u00a0<\/span><\/p>\n<div id=\"gallery-1\" class=\"gallery galleryid-17109 gallery-columns-5 gallery-size-thumbnail\">\n<figure class=\"gallery-item\">\n<div class=\"gallery-icon landscape\"><a href=\"https:\/\/www.lo3.gdynia.pl\/wp-content\/uploads\/2023\/04\/IMG_4786.jpg\"><img class=\"attachment-thumbnail size-thumbnail lazyloaded aligncenter\" src=\"https:\/\/www.lo3.gdynia.pl\/wp-content\/uploads\/2023\/04\/IMG_4786-150x150.jpg\" alt=\"\" width=\"150\" height=\"150\" data-src=\"https:\/\/www.lo3.gdynia.pl\/wp-content\/uploads\/2023\/04\/IMG_4786-150x150.jpg\" \/><\/a><\/div>\n<\/figure>\n<figure class=\"gallery-item\">\n<div class=\"gallery-icon landscape\"><a href=\"https:\/\/www.lo3.gdynia.pl\/wp-content\/uploads\/2023\/04\/IMG_4790-scaled.jpg\"><img class=\"attachment-thumbnail size-thumbnail lazyloaded aligncenter\" src=\"https:\/\/www.lo3.gdynia.pl\/wp-content\/uploads\/2023\/04\/IMG_4790-150x150.jpg\" alt=\"\" width=\"150\" height=\"150\" data-src=\"https:\/\/www.lo3.gdynia.pl\/wp-content\/uploads\/2023\/04\/IMG_4790-150x150.jpg\" \/><\/a><\/div>\n<\/figure>\n<figure class=\"gallery-item\">\n<div class=\"gallery-icon portrait\"><a href=\"https:\/\/www.lo3.gdynia.pl\/wp-content\/uploads\/2023\/04\/IMG_4837-scaled.jpg\"><img class=\"attachment-thumbnail size-thumbnail lazyloaded\" src=\"https:\/\/www.lo3.gdynia.pl\/wp-content\/uploads\/2023\/04\/IMG_4837-150x150.jpg\" alt=\"\" width=\"150\" height=\"150\" data-src=\"https:\/\/www.lo3.gdynia.pl\/wp-content\/uploads\/2023\/04\/IMG_4837-150x150.jpg\" \/><\/a><\/div>\n<\/figure>\n<figure class=\"gallery-item\">\n<div class=\"gallery-icon portrait\"><a href=\"https:\/\/www.lo3.gdynia.pl\/wp-content\/uploads\/2023\/04\/Image-scaled.jpeg\"><img class=\"attachment-thumbnail size-thumbnail lazyloaded aligncenter\" src=\"https:\/\/www.lo3.gdynia.pl\/wp-content\/uploads\/2023\/04\/Image-150x150.jpeg\" alt=\"\" width=\"150\" height=\"150\" data-src=\"https:\/\/www.lo3.gdynia.pl\/wp-content\/uploads\/2023\/04\/Image-150x150.jpeg\" \/><\/a><\/div>\n<\/figure>\n<\/div>\n<p><span data-contrast=\"auto\">Swoj\u0105 wiedz\u0105 i wieloma ciekawostkami podzielili si\u0119 z nami i oprowadzili po inwestycji Pan\u00a0<\/span><b><span data-contrast=\"auto\">Norbert Mi\u0119tki<\/span><\/b><span data-contrast=\"auto\">\u00a0\u2013 Kierownik Dzia\u0142u Marketingu i Pani\u00a0<\/span><b><span data-contrast=\"auto\">Maja Banaszczyk<\/span><\/b><span data-contrast=\"auto\">\u00a0\u2013 Specjalistka ds. Public Relations. Koordynatork\u0105 spotkania ze strony Invest Komfortu by\u0142a Pani\u00a0<\/span><b><span data-contrast=\"auto\">Katarzyna Weso\u0142owska \u2013 Krzemi\u0144ska<\/span><\/b><span data-contrast=\"auto\">,<\/span>\u00a0<span data-contrast=\"auto\">a ze strony III LO \u2013 Pani\u00a0<\/span><b><span data-contrast=\"auto\">Anna Rzepa<\/span><\/b><span data-contrast=\"auto\">.\u00a0<\/span><span data-ccp-props=\"{&quot;134233117&quot;:false,&quot;134233118&quot;:false,&quot;201341983&quot;:1,&quot;335551550&quot;:6,&quot;335551620&quot;:6,&quot;335559685&quot;:0,&quot;335559737&quot;:0,&quot;335559738&quot;:0,&quot;335559739&quot;:240,&quot;335559740&quot;:240}\">\u00a0<\/span><\/p>\n<p><span data-contrast=\"none\">Nasze spotkanie rozpocz\u0119li\u015bmy od zwiedzania lobby, gdzie zapoznali\u015bmy si\u0119 z procesem powstawania kompleksu Portovej oraz problemami, jakie napotkali architekci podczas projektowania. Nast\u0119pnie przeszli\u015bmy na patio, gdzie dowiedzieli\u015bmy si\u0119 wielu rzeczy o wyborze ro\u015blin i zagospodarowaniu przestrzeni zewn\u0119trznej tak, aby przez ca\u0142y rok jak najlepiej s\u0142u\u017cy\u0142a mieszka\u0144com. Kolejnym miejscem, kt\u00f3re zobaczyli\u015bmy, by\u0142o mieszkanie pokazowe, w kt\u00f3rym uwag\u0119 zwraca\u0142a artystyczna dba\u0142o\u015b\u0107 o detale oraz nawi\u0105zania do Gdyni i jej walor\u00f3w.\u00a0<\/span><span data-ccp-props=\"{&quot;134233117&quot;:false,&quot;134233118&quot;:false,&quot;201341983&quot;:1,&quot;335551550&quot;:6,&quot;335551620&quot;:6,&quot;335559685&quot;:0,&quot;335559737&quot;:0,&quot;335559738&quot;:0,&quot;335559739&quot;:240,&quot;335559740&quot;:240}\">\u00a0<\/span><\/p>\n<div id=\"gallery-2\" class=\"gallery galleryid-17109 gallery-columns-5 gallery-size-thumbnail\">\n<figure class=\"gallery-item\">\n<div class=\"gallery-icon landscape\"><a href=\"https:\/\/www.lo3.gdynia.pl\/wp-content\/uploads\/2023\/04\/IMG_4814-scaled.jpg\"><img class=\"attachment-thumbnail size-thumbnail ls-is-cached lazyloaded\" src=\"https:\/\/www.lo3.gdynia.pl\/wp-content\/uploads\/2023\/04\/IMG_4814-150x150.jpg\" alt=\"\" width=\"150\" height=\"150\" data-src=\"https:\/\/www.lo3.gdynia.pl\/wp-content\/uploads\/2023\/04\/IMG_4814-150x150.jpg\" \/><\/a><\/div>\n<\/figure>\n<figure class=\"gallery-item\">\n<div class=\"gallery-icon landscape\"><a href=\"https:\/\/www.lo3.gdynia.pl\/wp-content\/uploads\/2023\/04\/IMG_4813-scaled.jpg\"><img class=\"attachment-thumbnail size-thumbnail ls-is-cached lazyloaded\" src=\"https:\/\/www.lo3.gdynia.pl\/wp-content\/uploads\/2023\/04\/IMG_4813-150x150.jpg\" alt=\"\" width=\"150\" height=\"150\" data-src=\"https:\/\/www.lo3.gdynia.pl\/wp-content\/uploads\/2023\/04\/IMG_4813-150x150.jpg\" \/><\/a><\/div>\n<\/figure>\n<figure class=\"gallery-item\">\n<div class=\"gallery-icon landscape\"><a href=\"https:\/\/www.lo3.gdynia.pl\/wp-content\/uploads\/2023\/04\/IMG_4792-scaled.jpg\"><img class=\"attachment-thumbnail size-thumbnail ls-is-cached lazyloaded\" src=\"https:\/\/www.lo3.gdynia.pl\/wp-content\/uploads\/2023\/04\/IMG_4792-150x150.jpg\" alt=\"\" width=\"150\" height=\"150\" data-src=\"https:\/\/www.lo3.gdynia.pl\/wp-content\/uploads\/2023\/04\/IMG_4792-150x150.jpg\" \/><\/a><\/div>\n<\/figure>\n<figure class=\"gallery-item\">\n<div class=\"gallery-icon landscape\"><a href=\"https:\/\/www.lo3.gdynia.pl\/wp-content\/uploads\/2023\/04\/IMG_4784-scaled.jpg\"><img class=\"attachment-thumbnail size-thumbnail ls-is-cached lazyloaded aligncenter\" src=\"https:\/\/www.lo3.gdynia.pl\/wp-content\/uploads\/2023\/04\/IMG_4784-150x150.jpg\" alt=\"\" width=\"150\" height=\"150\" data-src=\"https:\/\/www.lo3.gdynia.pl\/wp-content\/uploads\/2023\/04\/IMG_4784-150x150.jpg\" \/><\/a><\/div>\n<\/figure>\n<\/div>\n<p><span data-contrast=\"none\">Gwo\u017adziem programu by\u0142 zapieraj\u0105cy dech w piersiach widok z tarasu na 17. pi\u0119trze, z kt\u00f3rego rozpo\u015bciera\u0142a si\u0119 panorama na ca\u0142e nasze miasto.<\/span><\/p>\n<p><img class=\"aligncenter wp-image-17137 size-large ls-is-cached lazyloaded\" src=\"https:\/\/www.lo3.gdynia.pl\/wp-content\/uploads\/2023\/04\/IMG_4827-1024x768.jpg\" sizes=\"(max-width: 640px) 100vw, 640px\" srcset=\"https:\/\/www.lo3.gdynia.pl\/wp-content\/uploads\/2023\/04\/IMG_4827-1024x768.jpg 1024w, https:\/\/www.lo3.gdynia.pl\/wp-content\/uploads\/2023\/04\/IMG_4827-300x225.jpg 300w, https:\/\/www.lo3.gdynia.pl\/wp-content\/uploads\/2023\/04\/IMG_4827-768x576.jpg 768w, https:\/\/www.lo3.gdynia.pl\/wp-content\/uploads\/2023\/04\/IMG_4827-1536x1152.jpg 1536w, https:\/\/www.lo3.gdynia.pl\/wp-content\/uploads\/2023\/04\/IMG_4827-2048x1536.jpg 2048w, https:\/\/www.lo3.gdynia.pl\/wp-content\/uploads\/2023\/04\/IMG_4827-600x450.jpg 600w\" alt=\"\" width=\"640\" height=\"480\" data-srcset=\"https:\/\/www.lo3.gdynia.pl\/wp-content\/uploads\/2023\/04\/IMG_4827-1024x768.jpg 1024w, https:\/\/www.lo3.gdynia.pl\/wp-content\/uploads\/2023\/04\/IMG_4827-300x225.jpg 300w, https:\/\/www.lo3.gdynia.pl\/wp-content\/uploads\/2023\/04\/IMG_4827-768x576.jpg 768w, https:\/\/www.lo3.gdynia.pl\/wp-content\/uploads\/2023\/04\/IMG_4827-1536x1152.jpg 1536w, https:\/\/www.lo3.gdynia.pl\/wp-content\/uploads\/2023\/04\/IMG_4827-2048x1536.jpg 2048w, https:\/\/www.lo3.gdynia.pl\/wp-content\/uploads\/2023\/04\/IMG_4827-600x450.jpg 600w\" data-src=\"https:\/\/www.lo3.gdynia.pl\/wp-content\/uploads\/2023\/04\/IMG_4827-1024x768.jpg\" data-sizes=\"(max-width: 640px) 100vw, 640px\" \/><\/p>\n<p><span data-contrast=\"none\">Na koniec, przy pocz\u0119stunku, mieli\u015bmy okazj\u0119 podyskutowa\u0107 na dwa ciekawe tematy:<em>\u00a0\u201eCzym jest dla nas dom?<\/em>\u201d oraz\u00a0<em>\u201eJakie przestrzenie i co mo\u017cemy wsp\u00f3\u0142dzieli\u0107 w budynku?<\/em>\u201d<\/span><\/p>\n<p><img class=\"aligncenter wp-image-17133 size-large lazyloaded\" src=\"https:\/\/www.lo3.gdynia.pl\/wp-content\/uploads\/2023\/04\/IMG_4842-1024x768.jpg\" sizes=\"(max-width: 640px) 100vw, 640px\" srcset=\"https:\/\/www.lo3.gdynia.pl\/wp-content\/uploads\/2023\/04\/IMG_4842-1024x768.jpg 1024w, https:\/\/www.lo3.gdynia.pl\/wp-content\/uploads\/2023\/04\/IMG_4842-300x225.jpg 300w, https:\/\/www.lo3.gdynia.pl\/wp-content\/uploads\/2023\/04\/IMG_4842-768x576.jpg 768w, https:\/\/www.lo3.gdynia.pl\/wp-content\/uploads\/2023\/04\/IMG_4842-1536x1152.jpg 1536w, https:\/\/www.lo3.gdynia.pl\/wp-content\/uploads\/2023\/04\/IMG_4842-2048x1536.jpg 2048w, https:\/\/www.lo3.gdynia.pl\/wp-content\/uploads\/2023\/04\/IMG_4842-600x450.jpg 600w\" alt=\"\" width=\"640\" height=\"480\" data-srcset=\"https:\/\/www.lo3.gdynia.pl\/wp-content\/uploads\/2023\/04\/IMG_4842-1024x768.jpg 1024w, https:\/\/www.lo3.gdynia.pl\/wp-content\/uploads\/2023\/04\/IMG_4842-300x225.jpg 300w, https:\/\/www.lo3.gdynia.pl\/wp-content\/uploads\/2023\/04\/IMG_4842-768x576.jpg 768w, https:\/\/www.lo3.gdynia.pl\/wp-content\/uploads\/2023\/04\/IMG_4842-1536x1152.jpg 1536w, https:\/\/www.lo3.gdynia.pl\/wp-content\/uploads\/2023\/04\/IMG_4842-2048x1536.jpg 2048w, https:\/\/www.lo3.gdynia.pl\/wp-content\/uploads\/2023\/04\/IMG_4842-600x450.jpg 600w\" data-src=\"https:\/\/www.lo3.gdynia.pl\/wp-content\/uploads\/2023\/04\/IMG_4842-1024x768.jpg\" data-sizes=\"(max-width: 640px) 100vw, 640px\" \/><\/p>\n<p><span data-contrast=\"none\">Dzi\u0119ki tak dok\u0142adnemu oprowadzeniu, zobaczyli\u015bmy, jak architektura Portovej nawi\u0105zuje do tradycji modernistycznych Gdyni i chroni pami\u0119\u0107 o przesz\u0142o\u015bci \u2013 dowodem tego jest wkomponowany w przestrze\u0144 osiedla odrestaurowany, zabytkowy domek, b\u0119d\u0105cy cz\u0119\u015bci\u0105 historii naszego miasta.\u00a0<\/span><span data-ccp-props=\"{&quot;134233117&quot;:false,&quot;134233118&quot;:false,&quot;201341983&quot;:1,&quot;335551550&quot;:1,&quot;335551620&quot;:1,&quot;335559685&quot;:0,&quot;335559737&quot;:0,&quot;335559738&quot;:0,&quot;335559739&quot;:240,&quot;335559740&quot;:240}\">\u00a0<\/span><\/p>\n<p><span data-contrast=\"none\">Przekonali\u015bmy si\u0119 r\u00f3wnie\u017c, \u017ce budynek dzi\u0119ki udanej wsp\u00f3\u0142pracy inwestora, architekt\u00f3w i artyst\u00f3w w spos\u00f3b nowoczesny odzwierciedla najnowsze trendy oraz bardzo wyrazi\u015bcie prezentuje o\u015b widokow\u0105 od strony ul. \u015awi\u0119toja\u0144skiej i Placu Kaszubskiego.<\/span><\/p>\n<p style=\"text-align: center;\"><strong>Bardzo dzi\u0119kujemy zespo\u0142owi Invest Komfort za tak inspiruj\u0105ce spotkanie. \u00a0<\/strong><\/p>\n<p style=\"text-align: right;\"><em><span class=\"TextRun SCXW121914569 BCX0\" lang=\"PL-PL\" xml:lang=\"PL-PL\" data-contrast=\"none\"><span class=\"NormalTextRun SCXW121914569 BCX0\">Oliwia Dudziak &amp; Maja Miotke<\/span><\/span><\/em><\/p>\n<p style=\"text-align: center;\"><a href=\"https:\/\/www.lo3.gdynia.pl\/2023\/04\/14\/art-komfort-nowy-projekt-artystyczny-pracowni-innowacji-3lab\/\">https:\/\/www.lo3.gdynia.pl\/2023\/04\/14\/art-komfort-nowy-projekt-artystyczny-pracowni-innowacji-3lab\/<\/a><\/p>","protected":false},"excerpt":{"rendered":"<p>Nowy projekt artystyczny Pracowni Innowacji 3LAB o nazwie\u00a0ART+Komfort\u00a0dzi\u0119ki wsp\u00f3\u0142pracy z\u00a0Invest Komfortem\u00a0i cyklowi spotka\u0144 z architektami ma na celu poznawanie najlepszych wzorc\u00f3w i trend\u00f3w w poszukiwaniu inspiracji i pomys\u0142\u00f3w do zaprojektowania kolejnej przestrzeni \u2013 holu wej\u015bciowego do naszej szko\u0142y.\u00a0 Pomys\u0142 wsp\u00f3\u0142pracy z Invest Komfortem narodzi\u0142 si\u0119 podczas festiwalu architektonicznego Open House, kt\u00f3rego inicjatorami s\u0105\u00a0absolwenci naszej szko\u0142y: [&hellip;]<\/p>","protected":false},"author":11,"featured_media":5978,"comment_status":"closed","ping_status":"closed","sticky":false,"template":"","format":"standard","meta":{"spay_email":""},"categories":[1],"tags":[],"jetpack_featured_media_url":"https:\/\/3-lab.pl\/wp-content\/uploads\/2023\/04\/IMG_4842.jpg","_links":{"self":[{"href":"https:\/\/3-lab.pl\/en\/wp-json\/wp\/v2\/posts\/5982"}],"collection":[{"href":"https:\/\/3-lab.pl\/en\/wp-json\/wp\/v2\/posts"}],"about":[{"href":"https:\/\/3-lab.pl\/en\/wp-json\/wp\/v2\/types\/post"}],"author":[{"embeddable":true,"href":"https:\/\/3-lab.pl\/en\/wp-json\/wp\/v2\/users\/11"}],"replies":[{"embeddable":true,"href":"https:\/\/3-lab.pl\/en\/wp-json\/wp\/v2\/comments?post=5982"}],"version-history":[{"count":6,"href":"https:\/\/3-lab.pl\/en\/wp-json\/wp\/v2\/posts\/5982\/revisions"}],"predecessor-version":[{"id":5989,"href":"https:\/\/3-lab.pl\/en\/wp-json\/wp\/v2\/posts\/5982\/revisions\/5989"}],"wp:featuredmedia":[{"embeddable":true,"href":"https:\/\/3-lab.pl\/en\/wp-json\/wp\/v2\/media\/5978"}],"wp:attachment":[{"href":"https:\/\/3-lab.pl\/en\/wp-json\/wp\/v2\/media?parent=5982"}],"wp:term":[{"taxonomy":"category","embeddable":true,"href":"https:\/\/3-lab.pl\/en\/wp-json\/wp\/v2\/categories?post=5982"},{"taxonomy":"post_tag","embeddable":true,"href":"https:\/\/3-lab.pl\/en\/wp-json\/wp\/v2\/tags?post=5982"}],"curies":[{"name":"wp","href":"https:\/\/api.w.org\/{rel}","templated":true}]}}