{"id":5792,"date":"2023-03-17T22:28:09","date_gmt":"2023-03-17T21:28:09","guid":{"rendered":"http:\/\/3-lab.pl\/?p=5792"},"modified":"2023-03-17T22:28:09","modified_gmt":"2023-03-17T21:28:09","slug":"3lab-partnerem-ceecir","status":"publish","type":"post","link":"https:\/\/3-lab.pl\/en\/2023\/03\/17\/3lab-partnerem-ceecir\/","title":{"rendered":"3LAB partnerem CEECIR"},"content":{"rendered":"<p>&nbsp;<\/p>\n<p>Z przyjemno\u015bci\u0105 chcieliby\u015bmy poinformowa\u0107, \u017ce 3LAB zosta\u0142 partnertem konferencji CEECIR &#8211; Central and Eastern European Conference on Interdisciplinary Reaserch, podczas kt\u00f3rej do\u015bwiadczenie znanych przedstawicieli \u015brodowiska akademickiego spotyka si\u0119 z ambicjami student\u00f3w zagranicznych uczelni.<\/p>\n<p>Inicjatywa ta ma na celu promowanie interdyscyplinarnych bada\u0144 zwi\u0105zanych z Europ\u0105 \u015arodkowo-Wschodni\u0105 w\u015br\u00f3d mi\u0119dzynarodowej spo\u0142eczno\u015bci akademickiej.<\/p>\n<p>Zapraszamy do zapoznania si\u0119 z wi\u0119ksz\u0105 ilo\u015bci\u0105 informacji na temat konferencji poprzez media spo\u0142eczno\u015bciowe:<\/p>\n<ul>\n<li><a href=\"https:\/\/www.ceecir.com\/\" target=\"_blank\" rel=\"noopener\">Stron\u0119 internetow\u0105<\/a><\/li>\n<li><a href=\"https:\/\/www.facebook.com\/Ceecir2023\/?show_switched_toast=0&amp;show_invite_to_follow=0&amp;show_switched_tooltip=0&amp;show_podcast_settings=0&amp;show_community_review_changes=0&amp;show_community_rollback=0&amp;show_follower_visibility_disclosure=0\" target=\"_blank\" rel=\"noopener\">Facebooka<\/a><\/li>\n<li><a href=\"https:\/\/instagram.com\/ceecir2023?igshid=YmMyMTA2M2Y=\" target=\"_blank\" rel=\"noopener\">Instagrama<\/a><\/li>\n<\/ul>","protected":false},"excerpt":{"rendered":"<p>&nbsp; Z przyjemno\u015bci\u0105 chcieliby\u015bmy poinformowa\u0107, \u017ce 3LAB zosta\u0142 partnertem konferencji CEECIR &#8211; Central and Eastern European Conference on Interdisciplinary Reaserch, podczas kt\u00f3rej do\u015bwiadczenie znanych przedstawicieli \u015brodowiska akademickiego spotyka si\u0119 z ambicjami student\u00f3w zagranicznych uczelni. Inicjatywa ta ma na celu promowanie interdyscyplinarnych bada\u0144 zwi\u0105zanych z Europ\u0105 \u015arodkowo-Wschodni\u0105 w\u015br\u00f3d mi\u0119dzynarodowej spo\u0142eczno\u015bci akademickiej. Zapraszamy do zapoznania si\u0119 z [&hellip;]<\/p>","protected":false},"author":11,"featured_media":5825,"comment_status":"closed","ping_status":"closed","sticky":false,"template":"","format":"standard","meta":{"spay_email":""},"categories":[1],"tags":[],"jetpack_featured_media_url":"https:\/\/3-lab.pl\/wp-content\/uploads\/2023\/03\/Frame-77-1-e1679087593890.png","_links":{"self":[{"href":"https:\/\/3-lab.pl\/en\/wp-json\/wp\/v2\/posts\/5792"}],"collection":[{"href":"https:\/\/3-lab.pl\/en\/wp-json\/wp\/v2\/posts"}],"about":[{"href":"https:\/\/3-lab.pl\/en\/wp-json\/wp\/v2\/types\/post"}],"author":[{"embeddable":true,"href":"https:\/\/3-lab.pl\/en\/wp-json\/wp\/v2\/users\/11"}],"replies":[{"embeddable":true,"href":"https:\/\/3-lab.pl\/en\/wp-json\/wp\/v2\/comments?post=5792"}],"version-history":[{"count":7,"href":"https:\/\/3-lab.pl\/en\/wp-json\/wp\/v2\/posts\/5792\/revisions"}],"predecessor-version":[{"id":5826,"href":"https:\/\/3-lab.pl\/en\/wp-json\/wp\/v2\/posts\/5792\/revisions\/5826"}],"wp:featuredmedia":[{"embeddable":true,"href":"https:\/\/3-lab.pl\/en\/wp-json\/wp\/v2\/media\/5825"}],"wp:attachment":[{"href":"https:\/\/3-lab.pl\/en\/wp-json\/wp\/v2\/media?parent=5792"}],"wp:term":[{"taxonomy":"category","embeddable":true,"href":"https:\/\/3-lab.pl\/en\/wp-json\/wp\/v2\/categories?post=5792"},{"taxonomy":"post_tag","embeddable":true,"href":"https:\/\/3-lab.pl\/en\/wp-json\/wp\/v2\/tags?post=5792"}],"curies":[{"name":"wp","href":"https:\/\/api.w.org\/{rel}","templated":true}]}}