{"id":5395,"date":"2022-05-11T08:16:28","date_gmt":"2022-05-11T06:16:28","guid":{"rendered":"http:\/\/3-lab.pl\/?p=5395"},"modified":"2022-05-11T08:22:36","modified_gmt":"2022-05-11T06:22:36","slug":"sukces-w-konkursie-mlody-innowator","status":"publish","type":"post","link":"https:\/\/3-lab.pl\/en\/2022\/05\/11\/sukces-w-konkursie-mlody-innowator\/","title":{"rendered":"Podw\u00f3jny sukces w konkursie &#8222;M\u0142ody Innowator&#8221;"},"content":{"rendered":"<p>Jest mi niezmiernie mi\u0142o poinformowa\u0107, \u017ce Jury XV edycji Og\u00f3lnopolskiego Konkursu o tytu\u0142 M\u0142odego Innowatora 2021\/2022 przyzna\u0142o <strong>III miejsce<\/strong> w kategorii Liceum uczniom: kl. III (Alan Soli\u0144ski, Mateusz Pietrzak,<br \/>\nSzymon Januszek) za projekt \u201e&#8221;Rakieta z kontrol\u0105 wektora ci\u0105gu &#8211; pakietedukacyjny dla szk\u00f3\u0142 \u015brednich&#8221; przygotowany pod kierunkiem mgr Anny Rzepy.<br \/>\nW<br \/>\nuczniowie Jan \u0141ubi\u0144ski (kl. III), Bartosz Kostarczyk (kl. III), Robert Mi\u015bkiewicz (kl.<br \/>\nIII) uzyskali r\u00f3wnie\u017c tytu\u0142 laureata konkursu \u201eM\u0142ody Innowator 2021\/2022\u201d<br \/>\notrzymuj\u0105c NAGROD\u0118 SPCEJALN\u0104 PREZES FSNT-NOT za projekt \u201eExtremeBox&#8221; przygotowany pod kierunkiem mgr Anny Rzepy, Jakuba Zdroika, Adama Nawrota.<\/p>\n<p>&nbsp;<\/p>\n<p><strong>Chcieliby\u015bmy bardzo podzi\u0119kowa\u0107 &#8211; p. Emilii Cyrockiej za konsultacje w sprawie podstawy programowej, Pani Marcie M\u0105kosie za pomoc w przep\u0142ywie finans\u00f3w oraz Radzie Rodzic\u00f3w za pomoc finansow\u0105.<\/strong><\/p>","protected":false},"excerpt":{"rendered":"<p>Jest mi niezmiernie mi\u0142o poinformowa\u0107, \u017ce Jury XV edycji Og\u00f3lnopolskiego Konkursu o tytu\u0142 M\u0142odego Innowatora 2021\/2022 przyzna\u0142o III miejsce w kategorii Liceum uczniom: kl. III (Alan Soli\u0144ski, Mateusz Pietrzak, Szymon Januszek) za projekt \u201e&#8221;Rakieta z kontrol\u0105 wektora ci\u0105gu &#8211; pakietedukacyjny dla szk\u00f3\u0142 \u015brednich&#8221; przygotowany pod kierunkiem mgr Anny Rzepy. a uczniowie Jan \u0141ubi\u0144ski (kl. III), [&hellip;]<\/p>","protected":false},"author":2,"featured_media":4882,"comment_status":"closed","ping_status":"closed","sticky":false,"template":"","format":"standard","meta":{"spay_email":""},"categories":[28,131,1],"tags":[],"jetpack_featured_media_url":"https:\/\/3-lab.pl\/wp-content\/uploads\/2021\/10\/Projekt-bez-tytulu-3.png","_links":{"self":[{"href":"https:\/\/3-lab.pl\/en\/wp-json\/wp\/v2\/posts\/5395"}],"collection":[{"href":"https:\/\/3-lab.pl\/en\/wp-json\/wp\/v2\/posts"}],"about":[{"href":"https:\/\/3-lab.pl\/en\/wp-json\/wp\/v2\/types\/post"}],"author":[{"embeddable":true,"href":"https:\/\/3-lab.pl\/en\/wp-json\/wp\/v2\/users\/2"}],"replies":[{"embeddable":true,"href":"https:\/\/3-lab.pl\/en\/wp-json\/wp\/v2\/comments?post=5395"}],"version-history":[{"count":4,"href":"https:\/\/3-lab.pl\/en\/wp-json\/wp\/v2\/posts\/5395\/revisions"}],"predecessor-version":[{"id":5401,"href":"https:\/\/3-lab.pl\/en\/wp-json\/wp\/v2\/posts\/5395\/revisions\/5401"}],"wp:featuredmedia":[{"embeddable":true,"href":"https:\/\/3-lab.pl\/en\/wp-json\/wp\/v2\/media\/4882"}],"wp:attachment":[{"href":"https:\/\/3-lab.pl\/en\/wp-json\/wp\/v2\/media?parent=5395"}],"wp:term":[{"taxonomy":"category","embeddable":true,"href":"https:\/\/3-lab.pl\/en\/wp-json\/wp\/v2\/categories?post=5395"},{"taxonomy":"post_tag","embeddable":true,"href":"https:\/\/3-lab.pl\/en\/wp-json\/wp\/v2\/tags?post=5395"}],"curies":[{"name":"wp","href":"https:\/\/api.w.org\/{rel}","templated":true}]}}