{"id":5015,"date":"2021-04-05T09:59:48","date_gmt":"2021-04-05T07:59:48","guid":{"rendered":"http:\/\/3-lab.pl\/?p=5015"},"modified":"2021-11-18T12:30:14","modified_gmt":"2021-11-18T11:30:14","slug":"warsztaty-artystyczne-we-wspolpracy-z-muzeum-miasta-gdyni","status":"publish","type":"post","link":"https:\/\/3-lab.pl\/en\/2021\/04\/05\/warsztaty-artystyczne-we-wspolpracy-z-muzeum-miasta-gdyni\/","title":{"rendered":"Warsztaty artystyczne we wsp\u00f3\u0142pracy z Muzeum Miasta Gdyni"},"content":{"rendered":"<style type='text\/css'>\r\n                #gallery-1 {\r\n                    margin: auto;\r\n                }\r\n                #gallery-1 .gallery-item {\r\n                    float: left;\r\n                    margin-top: 10px;\r\n                    text-align: center;\r\n                    width: 33%;\r\n                }\r\n                #gallery-1 img {\r\n                    border: 2px solid #cfcfcf;\r\n                }\r\n                #gallery-1 .gallery-caption {\r\n                    margin-left: 0;\r\n                }\r\n                \r\n                \r\n                \r\n                \/* see gallery_shortcode() in wp-includes\/media.php *\/\r\n            <\/style>\n\t\t<div id='gallery-1' class='gallery galleryid-5015 gallery-columns-3 gallery-size-thumbnail'><dl class='gallery-item'>\r\n                <dt class='gallery-icon portrait'>\r\n                    <a href='https:\/\/3-lab.pl\/en\/2021\/04\/05\/warsztaty-artystyczne-we-wspolpracy-z-muzeum-miasta-gdyni\/warsztaty\/#main'><img width=\"325\" height=\"217\" src=\"https:\/\/3-lab.pl\/wp-content\/uploads\/2021\/11\/warsztaty-325x217.jpg\" class=\"attachment-thumbnail size-thumbnail\" alt=\"\" \/><\/a>\r\n                <\/dt><\/dl><dl class='gallery-item'>\r\n                <dt class='gallery-icon portrait'>\r\n                    <a href='https:\/\/3-lab.pl\/en\/2021\/04\/05\/warsztaty-artystyczne-we-wspolpracy-z-muzeum-miasta-gdyni\/warsztaty-z-muzeum-miasta-gdyni\/#main'><img width=\"325\" height=\"217\" src=\"https:\/\/3-lab.pl\/wp-content\/uploads\/2021\/11\/warsztaty-z-Muzeum-Miasta-Gdyni-325x217.jpg\" class=\"attachment-thumbnail size-thumbnail\" alt=\"\" srcset=\"https:\/\/3-lab.pl\/wp-content\/uploads\/2021\/11\/warsztaty-z-Muzeum-Miasta-Gdyni-325x217.jpg 325w, https:\/\/3-lab.pl\/wp-content\/uploads\/2021\/11\/warsztaty-z-Muzeum-Miasta-Gdyni-300x200.jpg 300w, https:\/\/3-lab.pl\/wp-content\/uploads\/2021\/11\/warsztaty-z-Muzeum-Miasta-Gdyni-500x333.jpg 500w, https:\/\/3-lab.pl\/wp-content\/uploads\/2021\/11\/warsztaty-z-Muzeum-Miasta-Gdyni-750x500.jpg 750w, https:\/\/3-lab.pl\/wp-content\/uploads\/2021\/11\/warsztaty-z-Muzeum-Miasta-Gdyni-1000x667.jpg 1000w, https:\/\/3-lab.pl\/wp-content\/uploads\/2021\/11\/warsztaty-z-Muzeum-Miasta-Gdyni-1500x1000.jpg 1500w\" sizes=\"(max-width: 325px) 100vw, 325px\" \/><\/a>\r\n                <\/dt><\/dl><dl class='gallery-item'>\r\n                <dt class='gallery-icon landscape'>\r\n                    <a href='https:\/\/3-lab.pl\/en\/2021\/04\/05\/warsztaty-artystyczne-we-wspolpracy-z-muzeum-miasta-gdyni\/moodboard\/#main'><img width=\"325\" height=\"217\" src=\"https:\/\/3-lab.pl\/wp-content\/uploads\/2021\/11\/moodboard-325x217.png\" class=\"attachment-thumbnail size-thumbnail\" alt=\"\" \/><\/a>\r\n                <\/dt><\/dl><br style=\"clear: both\" \/><\/div>\n\n<p>W III LO w Gdyni wielokrotnie byli\u015bmy \u015bwiadkami jak zmienia\u0142a si\u0119 przestrze\u0144 szkolna pod wp\u0142ywem dzia\u0142a\u0144 grupy artystycznej Pracowni Innowacji 3LAB, kt\u00f3ra zaaran\u017cowa\u0142a m.in. stref\u0119 ciszy w Bibliosferze, Pok\u00f3j Tw\u00f3rczy, sal\u0119 historii i wos-u, a ostatnio dokona\u0142a metamorfozy szkolnych wn\u0119k.<\/p>\n<p>Zapowiedzi\u0105 jeszcze \u015bmielszych plan\u00f3w artystycznych i aran\u017cacji wi\u0119kszej przestrzeni szkolnej jest zupe\u0142nie nowy projekt, kt\u00f3ry narodzi\u0142 si\u0119 z inspiracji gdy\u0144skimi muzeami i pomys\u0142u wsp\u00f3\u0142pracy z\u00a0<strong>Muzeum Miasta Gdyni<\/strong>. Mamy nadziej\u0119, \u017ce dzi\u0119ki wyra\u017ceniu zgody na wsp\u00f3\u0142prac\u0119 przez\u00a0<strong>Dyrektor Muzeum Miasta Gdyni \u2013 Pani\u0105<\/strong>\u00a0<strong>Karin Moder<\/strong>\u00a0 wsp\u00f3lna inicjatywa b\u0119dzie mog\u0142a uzyska\u0107 rozmach i jako\u015b\u0107 artystyczn\u0105, a uczniowie wykorzystaj\u0105 zdobyt\u0105 wiedz\u0119 podczas projektowania szkolnych wn\u0119trz.<\/p>\n<p>Efektem tej wsp\u00f3\u0142pracy ma by\u0107 aran\u017cacja szkolnego holu wed\u0142ug stworzonego prze uczni\u00f3w projektu. Zanim do tego dojdzie, najpierw jego uczestnicy zdob\u0119d\u0105 potrzebn\u0105 wiedz\u0119 teoretyczn\u0105 i praktyczn\u0105 na wyk\u0142adach, zaj\u0119ciach, warsztatach prowadzonych przez ekspert\u00f3w Muzeum Miasta Gdyni oraz \u201cpod okiem\u201d znanych artyst\u00f3w, projektant\u00f3w, znawc\u00f3w designu wsp\u00f3\u0142pracuj\u0105cych z t\u0105 pr\u0119\u017cnie dzia\u0142aj\u0105c\u0105 gdy\u0144sk\u0105 plac\u00f3wk\u0105 muzealn\u0105.<\/p>\n<p><strong>28. kwietnia 2021 r<\/strong>. w czasie trwaj\u0105cej pandemii rozpocz\u0119\u0142y si\u0119 w formie zdalnej pierwsze warsztaty \u2013 \u201cWidz\u0119, co robisz\u201d, poprowadzone przez koordynatorki projektu z O\u015brodka Edukacji Muzeum Miasta Gdyni \u2013 Pani\u0105\u00a0<strong>Olg\u0119 Lewandowsk\u0105<\/strong>\u00a0i Pani\u0105\u00a0<strong>Patrycj\u0119 W\u00f3jcik<\/strong>.<\/p>\n<div>\n<p>Prowadz\u0105ca warsztaty \u2013 Pani Olga Lewandowska rozpocz\u0119\u0142a zaj\u0119cia integracj\u0105 grupy. Ka\u017cdy z uczestnik\u00f3w m\u00f3g\u0142 przedstawi\u0107 siebie za pomoc\u0105 wybranego obrazu, zdj\u0119cia, czy ulubionego t\u0142a na pulpicie komputera. Nast\u0119pnie zosta\u0142a przedstawiona kr\u00f3tka prezentacja dotycz\u0105ca teorii i praktyki komunikacji wizualnej, np. za pomoc\u0105 symbolu, znaku, logotypu. Uczniowie dowiedzieli si\u0119, czym s\u0105 moodboardy oraz poznali sposoby ich tworzenia i wykorzystywania w projektowaniu wn\u0119trz.<\/p>\n<p>P\u00f3\u017aniejsza praca grupowa przebiega\u0142a w wirtualnych pokojach, gdzie nad uczestnikami opiek\u0119 obj\u0119\u0142a Pani Patrycja W\u00f3jcik. Zadania polega\u0142y m.in. na wymianie mi\u0119dzy zespo\u0142ami stworzonych wcze\u015bniej moodboard\u00f3w i odgadni\u0119ciu obrazuj\u0105cych je hase\u0142, kt\u00f3re stanowi\u0142y nazwy styl\u00f3w takich jak rustykalny, retro, futurystyczny oraz industrialny. Uczestnicy warsztat\u00f3w \u015bwietnie poradzili sobie z tym zadaniem.<\/p>\n<p>Kolejne spotkanie w ramach projektu, je\u015bli poprawi si\u0119 sytuacja epidemiczna przewidziane jest w formie gry miejskiej pozwalaj\u0105cej pozna\u0107 r\u00f3\u017cne style architektoniczne wyst\u0119puj\u0105ce w Gdyni.<\/p>\n<p>Autorka: Bo\u017cena Chmieli\u0144ska<\/p>\n<\/div>","protected":false},"excerpt":{"rendered":"<p>W III LO w Gdyni wielokrotnie byli\u015bmy \u015bwiadkami jak zmienia\u0142a si\u0119 przestrze\u0144 szkolna pod wp\u0142ywem dzia\u0142a\u0144 grupy artystycznej Pracowni Innowacji 3LAB, kt\u00f3ra zaaran\u017cowa\u0142a m.in. stref\u0119 ciszy w Bibliosferze, Pok\u00f3j Tw\u00f3rczy, sal\u0119 historii i wos-u, a ostatnio dokona\u0142a metamorfozy szkolnych wn\u0119k. Zapowiedzi\u0105 jeszcze \u015bmielszych plan\u00f3w artystycznych i aran\u017cacji wi\u0119kszej przestrzeni szkolnej jest zupe\u0142nie nowy projekt, kt\u00f3ry [&hellip;]<\/p>","protected":false},"author":2,"featured_media":5017,"comment_status":"closed","ping_status":"closed","sticky":false,"template":"","format":"standard","meta":{"spay_email":""},"categories":[124],"tags":[],"jetpack_featured_media_url":"https:\/\/3-lab.pl\/wp-content\/uploads\/2021\/11\/warsztaty-z-Muzeum-Miasta-Gdyni.jpg","_links":{"self":[{"href":"https:\/\/3-lab.pl\/en\/wp-json\/wp\/v2\/posts\/5015"}],"collection":[{"href":"https:\/\/3-lab.pl\/en\/wp-json\/wp\/v2\/posts"}],"about":[{"href":"https:\/\/3-lab.pl\/en\/wp-json\/wp\/v2\/types\/post"}],"author":[{"embeddable":true,"href":"https:\/\/3-lab.pl\/en\/wp-json\/wp\/v2\/users\/2"}],"replies":[{"embeddable":true,"href":"https:\/\/3-lab.pl\/en\/wp-json\/wp\/v2\/comments?post=5015"}],"version-history":[{"count":2,"href":"https:\/\/3-lab.pl\/en\/wp-json\/wp\/v2\/posts\/5015\/revisions"}],"predecessor-version":[{"id":5103,"href":"https:\/\/3-lab.pl\/en\/wp-json\/wp\/v2\/posts\/5015\/revisions\/5103"}],"wp:featuredmedia":[{"embeddable":true,"href":"https:\/\/3-lab.pl\/en\/wp-json\/wp\/v2\/media\/5017"}],"wp:attachment":[{"href":"https:\/\/3-lab.pl\/en\/wp-json\/wp\/v2\/media?parent=5015"}],"wp:term":[{"taxonomy":"category","embeddable":true,"href":"https:\/\/3-lab.pl\/en\/wp-json\/wp\/v2\/categories?post=5015"},{"taxonomy":"post_tag","embeddable":true,"href":"https:\/\/3-lab.pl\/en\/wp-json\/wp\/v2\/tags?post=5015"}],"curies":[{"name":"wp","href":"https:\/\/api.w.org\/{rel}","templated":true}]}}