{"id":4759,"date":"2021-08-02T14:05:12","date_gmt":"2021-08-02T12:05:12","guid":{"rendered":"http:\/\/3-lab.pl\/?p=4759"},"modified":"2021-10-22T21:21:12","modified_gmt":"2021-10-22T19:21:12","slug":"rusza-nowy-projekt-art-garden-dziki-zakatek","status":"publish","type":"post","link":"https:\/\/3-lab.pl\/en\/2021\/08\/02\/rusza-nowy-projekt-art-garden-dziki-zakatek\/","title":{"rendered":"Rusza nowy projekt &#8222;ART + Garden &#8211; Dziki zak\u0105tek&#8221;"},"content":{"rendered":"<style type='text\/css'>\r\n                #gallery-1 {\r\n                    margin: auto;\r\n                }\r\n                #gallery-1 .gallery-item {\r\n                    float: left;\r\n                    margin-top: 10px;\r\n                    text-align: center;\r\n                    width: 33%;\r\n                }\r\n                #gallery-1 img {\r\n                    border: 2px solid #cfcfcf;\r\n                }\r\n                #gallery-1 .gallery-caption {\r\n                    margin-left: 0;\r\n                }\r\n                \r\n                \r\n                \r\n                \/* see gallery_shortcode() in wp-includes\/media.php *\/\r\n            <\/style>\n\t\t<div id='gallery-1' class='gallery galleryid-4759 gallery-columns-3 gallery-size-thumbnail'><dl class='gallery-item'>\r\n                <dt class='gallery-icon landscape'>\r\n                    <a href='https:\/\/3-lab.pl\/en\/2021\/08\/02\/rusza-nowy-projekt-art-garden-dziki-zakatek\/zdjecie2-1\/#main'><img width=\"325\" height=\"217\" src=\"https:\/\/3-lab.pl\/wp-content\/uploads\/2021\/08\/Zdjecie2-1-e1627905720303-325x217.jpg\" class=\"attachment-thumbnail size-thumbnail\" alt=\"\" srcset=\"https:\/\/3-lab.pl\/wp-content\/uploads\/2021\/08\/Zdjecie2-1-e1627905720303-325x217.jpg 325w, https:\/\/3-lab.pl\/wp-content\/uploads\/2021\/08\/Zdjecie2-1-e1627905720303-16x10.jpg 16w\" sizes=\"(max-width: 325px) 100vw, 325px\" \/><\/a>\r\n                <\/dt><\/dl><dl class='gallery-item'>\r\n                <dt class='gallery-icon landscape'>\r\n                    <a href='https:\/\/3-lab.pl\/en\/2021\/08\/02\/rusza-nowy-projekt-art-garden-dziki-zakatek\/zdjecie1-2\/#main'><img width=\"325\" height=\"217\" src=\"https:\/\/3-lab.pl\/wp-content\/uploads\/2021\/08\/Zdjecie1-2-e1627905791623-325x217.jpg\" class=\"attachment-thumbnail size-thumbnail\" alt=\"\" srcset=\"https:\/\/3-lab.pl\/wp-content\/uploads\/2021\/08\/Zdjecie1-2-e1627905791623-325x217.jpg 325w, https:\/\/3-lab.pl\/wp-content\/uploads\/2021\/08\/Zdjecie1-2-e1627905791623-16x10.jpg 16w\" sizes=\"(max-width: 325px) 100vw, 325px\" \/><\/a>\r\n                <\/dt><\/dl><dl class='gallery-item'>\r\n                <dt class='gallery-icon landscape'>\r\n                    <a href='https:\/\/3-lab.pl\/en\/2021\/08\/02\/rusza-nowy-projekt-art-garden-dziki-zakatek\/zdjecie3-5\/#main'><img width=\"325\" height=\"217\" src=\"https:\/\/3-lab.pl\/wp-content\/uploads\/2021\/08\/Zdjecie3-5-e1627905638120-325x217.jpg\" class=\"attachment-thumbnail size-thumbnail\" alt=\"\" srcset=\"https:\/\/3-lab.pl\/wp-content\/uploads\/2021\/08\/Zdjecie3-5-e1627905638120-325x217.jpg 325w, https:\/\/3-lab.pl\/wp-content\/uploads\/2021\/08\/Zdjecie3-5-e1627905638120-16x10.jpg 16w, https:\/\/3-lab.pl\/wp-content\/uploads\/2021\/08\/Zdjecie3-5-e1627905638120-300x200.jpg 300w, https:\/\/3-lab.pl\/wp-content\/uploads\/2021\/08\/Zdjecie3-5-e1627905638120-500x333.jpg 500w, https:\/\/3-lab.pl\/wp-content\/uploads\/2021\/08\/Zdjecie3-5-e1627905638120-750x500.jpg 750w, https:\/\/3-lab.pl\/wp-content\/uploads\/2021\/08\/Zdjecie3-5-e1627905638120-1000x667.jpg 1000w, https:\/\/3-lab.pl\/wp-content\/uploads\/2021\/08\/Zdjecie3-5-e1627905638120-1500x1000.jpg 1500w\" sizes=\"(max-width: 325px) 100vw, 325px\" \/><\/a>\r\n                <\/dt><\/dl><br style=\"clear: both\" \/><\/div>\n\n<p>W lipcu 2020 roku rozpoczeli\u015bmy nowy projekt dotycz\u0105cy, zr\u00f3wnowa\u017conego designu w przestrzeni zewn\u0119trznej.<\/p>\n<p>Naszym nowym celem jest uroczy zak\u0105tek pomi\u0119dzy korytarzem a sal\u0105 gimnastyczn\u0105.\u00a0 Prace b\u0119d\u0105 wykonywane dwutorowo.<\/p>\n<p>Dzi\u0119ki pozyskanym przez Pani\u0105 Olg\u0119 Wro\u0144sk\u0105 \u015brodkom z Funduszy Norweskich zostanie stworzona zielona infrastruktura. Cz\u0119\u015b\u0107 Art b\u0119dzie koordynowa\u0107 Pani Anna Rzepa. Za finanse odpowiada Pani Marta M\u0105kosa. Prace zwi\u0105zane z &#8222;dzik\u0105 zieleni\u0105&#8221; b\u0119dzie koordynowa\u0107 Pani Dorota Wnuczy\u0144ska.<\/p>\n<p>&nbsp;<\/p>\n<p><img class=\"wp-image-4739 aligncenter\" src=\"http:\/\/3-lab.pl\/wp-content\/uploads\/2021\/07\/dzik-ogrodowy-3d.jpg\" alt=\"\" width=\"271\" height=\"203\" srcset=\"https:\/\/3-lab.pl\/wp-content\/uploads\/2021\/07\/dzik-ogrodowy-3d.jpg 1280w, https:\/\/3-lab.pl\/wp-content\/uploads\/2021\/07\/dzik-ogrodowy-3d-577x433.jpg 577w, https:\/\/3-lab.pl\/wp-content\/uploads\/2021\/07\/dzik-ogrodowy-3d-1156x867.jpg 1156w, https:\/\/3-lab.pl\/wp-content\/uploads\/2021\/07\/dzik-ogrodowy-3d-768x576.jpg 768w, https:\/\/3-lab.pl\/wp-content\/uploads\/2021\/07\/dzik-ogrodowy-3d-16x12.jpg 16w, https:\/\/3-lab.pl\/wp-content\/uploads\/2021\/07\/dzik-ogrodowy-3d-960x720.jpg 960w\" sizes=\"(max-width: 271px) 100vw, 271px\" \/><\/p>\n<p>&nbsp;<\/p>\n<p>Pierwszym etapem by\u0142 zakup foteli zewn\u0119trznych oraz le\u017cak\u00f3w, kt\u00f3re zaprojektowa\u0142a w maju Kinga Kulpa.<\/p>\n<p>Bardzo Dzi\u0119kujemy Radzie Rodzic\u00f3w za sfinansowanie le\u017cak\u00f3w.<\/p>\n<p>&nbsp;<\/p>\n<p>&nbsp;<\/p>\n<p>&nbsp;<\/p>","protected":false},"excerpt":{"rendered":"<p>W lipcu 2020 roku rozpoczeli\u015bmy nowy projekt dotycz\u0105cy, zr\u00f3wnowa\u017conego designu w przestrzeni zewn\u0119trznej. Naszym nowym celem jest uroczy zak\u0105tek pomi\u0119dzy korytarzem a sal\u0105 gimnastyczn\u0105.\u00a0 Prace b\u0119d\u0105 wykonywane dwutorowo. Dzi\u0119ki pozyskanym przez Pani\u0105 Olg\u0119 Wro\u0144sk\u0105 \u015brodkom z Funduszy Norweskich zostanie stworzona zielona infrastruktura. Cz\u0119\u015b\u0107 Art b\u0119dzie koordynowa\u0107 Pani Anna Rzepa. Za finanse odpowiada Pani Marta M\u0105kosa. [&hellip;]<\/p>","protected":false},"author":2,"featured_media":4891,"comment_status":"closed","ping_status":"closed","sticky":false,"template":"","format":"standard","meta":{"spay_email":""},"categories":[29,82,81],"tags":[],"jetpack_featured_media_url":"https:\/\/3-lab.pl\/wp-content\/uploads\/2021\/08\/Art.Garden.dziki_.zakatek.png","_links":{"self":[{"href":"https:\/\/3-lab.pl\/en\/wp-json\/wp\/v2\/posts\/4759"}],"collection":[{"href":"https:\/\/3-lab.pl\/en\/wp-json\/wp\/v2\/posts"}],"about":[{"href":"https:\/\/3-lab.pl\/en\/wp-json\/wp\/v2\/types\/post"}],"author":[{"embeddable":true,"href":"https:\/\/3-lab.pl\/en\/wp-json\/wp\/v2\/users\/2"}],"replies":[{"embeddable":true,"href":"https:\/\/3-lab.pl\/en\/wp-json\/wp\/v2\/comments?post=4759"}],"version-history":[{"count":4,"href":"https:\/\/3-lab.pl\/en\/wp-json\/wp\/v2\/posts\/4759\/revisions"}],"predecessor-version":[{"id":4794,"href":"https:\/\/3-lab.pl\/en\/wp-json\/wp\/v2\/posts\/4759\/revisions\/4794"}],"wp:featuredmedia":[{"embeddable":true,"href":"https:\/\/3-lab.pl\/en\/wp-json\/wp\/v2\/media\/4891"}],"wp:attachment":[{"href":"https:\/\/3-lab.pl\/en\/wp-json\/wp\/v2\/media?parent=4759"}],"wp:term":[{"taxonomy":"category","embeddable":true,"href":"https:\/\/3-lab.pl\/en\/wp-json\/wp\/v2\/categories?post=4759"},{"taxonomy":"post_tag","embeddable":true,"href":"https:\/\/3-lab.pl\/en\/wp-json\/wp\/v2\/tags?post=4759"}],"curies":[{"name":"wp","href":"https:\/\/api.w.org\/{rel}","templated":true}]}}