{"id":4676,"date":"2021-06-17T19:48:30","date_gmt":"2021-06-17T17:48:30","guid":{"rendered":"http:\/\/3-lab.pl\/?p=4676"},"modified":"2021-10-22T21:29:01","modified_gmt":"2021-10-22T19:29:01","slug":"podziekowania-dla-pana-pawla-kudzi","status":"publish","type":"post","link":"https:\/\/3-lab.pl\/en\/2021\/06\/17\/podziekowania-dla-pana-pawla-kudzi\/","title":{"rendered":"Podzi\u0119kowania dla Pana Paw\u0142a Kudzi"},"content":{"rendered":"<p><strong>Serdecznie dziekujemy Panu Paw\u0142owi<\/strong>, za otwarcie drzwi, dzi\u0119ki kt\u00f3rym, mo\u017cna by\u0142o przeprowadzi\u0107 dwa spotkania eksperckie w Pracowni Innowacji 3 LAB,<\/p>\n<p>Pan Pawe\u0142 od kilku lat konsultuje i wspiera nasze dzia\u0142ania. To unikatowe mie\u0107 takiego przyjaciela.<\/p>\n<p>Kilka s\u0142\u00f3w pobranych ze strony inicjatywy edukacyjnej www.wiem.online<\/p>\n<div><i>&#8222;Dziadowie moi byli zes\u0142ani &#8222;do Syberji&#8221; 10.02.1940, w\u0142asno\u015b\u0107 ziemska \/pod Tarnopolem\/ zosta\u0142a im skonfiskowana. Ich starsza c\u00f3rka, Wisia, umar\u0142a z wycie\u0144czenia na zes\u0142aniu. Dziadek Miko\u0142aj nie zd\u0105\u017cy\u0142 do Andersa, walczy\u0142 od Lenino do Berlina. W 1945 moja mama Gienia z moj\u0105 babci\u0105 Agnieszk\u0105 zosta\u0142y przesiedlone z Syberii na Dolny \u015al\u0105sk, gdzie dziadek-\u017co\u0142nierz dosta\u0142 gospodarstwo niemieckiej rodziny. Tam, we wsp\u00f3lnym domu przez ponad rok \u017cy\u0142y dwie rodziny &#8211; niemiecka i moja &#8211; polska. Mam w domu list od tej niemieckiej rodziny do mojej mamy z lat 90-tych, w kt\u00f3rym pisz\u0105, \u017ce m\u00f3j dziadek by\u0142 dla nich &#8222;opiekunem i obro\u0144c\u0105&#8221;. Ja urodzi\u0142em si\u0119 w \u015awidnicy.<\/i><\/div>\n<div><\/div>\n<div>Nie do ko\u0144ca wiem, ale mo\u017ce m.in. dlatego pracowa\u0142em jako korespondent wojenny, a potem, gdy na w\u0142asne oczy zobaczy\u0142em i opisa\u0142em masakr\u0119 na targu Markale w obl\u0119\u017conym Sarajewie, przy\u0142\u0105czy\u0142em si\u0119 do pomocy humanitarnej. W organizacjach pomocowych by\u0142em wolontariuszem, pracownikiem, cz\u0142onkiem zarz\u0105du, dyrektorem dzia\u0142u misji zagranicznych. Organizowa\u0142em z setkami pracownik\u00f3w i wolontariuszy sta\u0142e misje w krajach niszczonych przez wojny. Specjalno\u015b\u0107 &#8211; programy wodno-sanitarne, kt\u00f3re po prostu uwielbiam, bo zwracaj\u0105 cz\u0142owiekowi wolno\u015b\u0107 wyboru. Szczeg\u00f3lnie wspominam ten w zniszczonym, wojennym Groznym&#8230; Budowa\u0142em te\u017c programy wolontariatu 50+, akademickiego i korporacyjnego.<\/div>\n<div><\/div>\n<div>Od kilku lat zdobywam do\u015bwiadczenie i wiedz\u0119, dzi\u0119ki pracy zar\u00f3wno po stronie korporacji, agencji PR, wyk\u0142adowcy uniwersyteckiego, jak i swojej dzia\u0142alno\u015bci konsultingowej, zwi\u0105zan\u0105 z zarz\u0105dzaniem odpowiedzialno\u015bci\u0105 za wp\u0142yw na wa\u017cne sprawy spo\u0142eczne i \u015brodowiskowe. Taki CSR (spo\u0142eczna odpowiedzialno\u015b\u0107 biznesu) to wk\u0142ad w sustainability (zr\u00f3wnowa\u017cony rozw\u00f3j). Jestem or\u0119downikiem i praktykiem zarz\u0105dzania przez warto\u015bci i sustainability leadership.<\/div>\n<div><\/div>\n<div>Dodatkowo &#8211; odkrywam r\u00f3\u017cne \u201estory z history PL\u201d i prezentuj\u0119 je w czasie inspiruj\u0105cych spotka\u0144 w firmach i szko\u0142ach.<\/div>\n<div><\/div>\n<div>Uwielbiam polskie s\u0142owa na \u015a\u0106: solidarno\u015b\u0107, wolno\u015b\u0107, godno\u015b\u0107, innowacyjno\u015b\u0107, przedsi\u0119biorczo\u015b\u0107, spr\u0119\u017cysto\u015b\u0107, adekwatno\u015b\u0107&#8221;<\/div>\n<div><\/div>\n<div><em>Pawe\u0142 Kudzia<\/em><\/div>\n<div><\/div>","protected":false},"excerpt":{"rendered":"<p>Serdecznie dziekujemy Panu Paw\u0142owi, za otwarcie drzwi, dzi\u0119ki kt\u00f3rym, mo\u017cna by\u0142o przeprowadzi\u0107 dwa spotkania eksperckie w Pracowni Innowacji 3 LAB, Pan Pawe\u0142 od kilku lat konsultuje i wspiera nasze dzia\u0142ania. To unikatowe mie\u0107 takiego przyjaciela. Kilka s\u0142\u00f3w pobranych ze strony inicjatywy edukacyjnej www.wiem.online &#8222;Dziadowie moi byli zes\u0142ani &#8222;do Syberji&#8221; 10.02.1940, w\u0142asno\u015b\u0107 ziemska \/pod Tarnopolem\/ zosta\u0142a [&hellip;]<\/p>","protected":false},"author":2,"featured_media":4894,"comment_status":"closed","ping_status":"closed","sticky":false,"template":"","format":"standard","meta":{"spay_email":""},"categories":[1],"tags":[],"jetpack_featured_media_url":"https:\/\/3-lab.pl\/wp-content\/uploads\/2021\/06\/3LAB.pin_.png","_links":{"self":[{"href":"https:\/\/3-lab.pl\/en\/wp-json\/wp\/v2\/posts\/4676"}],"collection":[{"href":"https:\/\/3-lab.pl\/en\/wp-json\/wp\/v2\/posts"}],"about":[{"href":"https:\/\/3-lab.pl\/en\/wp-json\/wp\/v2\/types\/post"}],"author":[{"embeddable":true,"href":"https:\/\/3-lab.pl\/en\/wp-json\/wp\/v2\/users\/2"}],"replies":[{"embeddable":true,"href":"https:\/\/3-lab.pl\/en\/wp-json\/wp\/v2\/comments?post=4676"}],"version-history":[{"count":3,"href":"https:\/\/3-lab.pl\/en\/wp-json\/wp\/v2\/posts\/4676\/revisions"}],"predecessor-version":[{"id":4679,"href":"https:\/\/3-lab.pl\/en\/wp-json\/wp\/v2\/posts\/4676\/revisions\/4679"}],"wp:featuredmedia":[{"embeddable":true,"href":"https:\/\/3-lab.pl\/en\/wp-json\/wp\/v2\/media\/4894"}],"wp:attachment":[{"href":"https:\/\/3-lab.pl\/en\/wp-json\/wp\/v2\/media?parent=4676"}],"wp:term":[{"taxonomy":"category","embeddable":true,"href":"https:\/\/3-lab.pl\/en\/wp-json\/wp\/v2\/categories?post=4676"},{"taxonomy":"post_tag","embeddable":true,"href":"https:\/\/3-lab.pl\/en\/wp-json\/wp\/v2\/tags?post=4676"}],"curies":[{"name":"wp","href":"https:\/\/api.w.org\/{rel}","templated":true}]}}