{"id":4350,"date":"2021-03-26T15:05:22","date_gmt":"2021-03-26T14:05:22","guid":{"rendered":"http:\/\/3-lab.pl\/?p=4350"},"modified":"2021-03-26T15:05:22","modified_gmt":"2021-03-26T14:05:22","slug":"milo-nam-zaprosic-ekipe-future-na-wyklad-i-dyskusje-z-p-barbara-jozwiak","status":"publish","type":"post","link":"https:\/\/3-lab.pl\/en\/2021\/03\/26\/milo-nam-zaprosic-ekipe-future-na-wyklad-i-dyskusje-z-p-barbara-jozwiak\/","title":{"rendered":"Mi\u0142o nam zaprosi\u0107 ekip\u0119 &#8222;Future&#8221; na wyk\u0142ad i dyskusj\u0119 z p. Barbar\u0105 J\u00f3\u017awiak"},"content":{"rendered":"<p><img class=\"wp-image-4351\" src=\"http:\/\/3-lab.pl\/wp-content\/uploads\/2021\/03\/profilowe_BJ-scaled.jpg\" alt=\"\" width=\"569\" height=\"427\" srcset=\"https:\/\/3-lab.pl\/wp-content\/uploads\/2021\/03\/profilowe_BJ-scaled.jpg 1920w, https:\/\/3-lab.pl\/wp-content\/uploads\/2021\/03\/profilowe_BJ-578x433.jpg 578w, https:\/\/3-lab.pl\/wp-content\/uploads\/2021\/03\/profilowe_BJ-1157x867.jpg 1157w, https:\/\/3-lab.pl\/wp-content\/uploads\/2021\/03\/profilowe_BJ-768x576.jpg 768w, https:\/\/3-lab.pl\/wp-content\/uploads\/2021\/03\/profilowe_BJ-1536x1151.jpg 1536w, https:\/\/3-lab.pl\/wp-content\/uploads\/2021\/03\/profilowe_BJ-2048x1535.jpg 2048w, https:\/\/3-lab.pl\/wp-content\/uploads\/2021\/03\/profilowe_BJ-16x12.jpg 16w, https:\/\/3-lab.pl\/wp-content\/uploads\/2021\/03\/profilowe_BJ-960x720.jpg 960w\" sizes=\"(max-width: 569px) 100vw, 569px\" \/><\/p>\n<p>Mi\u0142o nam poinformowa\u0107, \u017ce 22 kwietnia o godzinie 18:00 w ramach projektu &#8222;FUTURE&#8221; odb\u0119dzie si\u0119 wyk\u0142ad <strong>Pani Barbary J\u00f3\u017awiak<\/strong> z zaprzyja\u017anionej <strong>Fundacji forScience<\/strong> &#8222;Problem, kt\u00f3rego nie ma &#8211; czyli opowie\u015b\u0107 o \u015bmieciach&#8221;.<\/p>\n<p>BARBARA J\u00d3\u0179WIAK \u2013 niespokojny duch, mi\u0142o\u015bniczka dzikiej przyrody i samotnych wypraw w nieznane. Jako absolwentka Filologii Angielskiej na Uniwersytecie Gda\u0144skim, przez lata zwi\u0105zana by\u0142a z edukacj\u0105. Pracowa\u0142a jako lektor i metodyk j\u0119zyka angielskiego dla International House w Rosji i Kazachstanie oraz jako nauczyciel-wolontariusz w g\u00f3rskich wioskach w Indiach. W wolnych chwilach przemierza\u0142a azjatyckie drogi i bezdro\u017ca, poznaj\u0105c miejscowe kultury i zwyczaje. Zdobyte za granic\u0105 do\u015bwiadczenia wywr\u00f3ci\u0142y do g\u00f3ry nogami jej dotychczasowy \u015bwiatopogl\u0105d. Po siedmiu latach wr\u00f3ci\u0142a do Polski, gdzie na jaki\u015b czas zwi\u0105za\u0142a si\u0119 z British Council Poland. Wkr\u00f3tce jednak zrezygnowa\u0142a z pracy w szkole na rzecz Fundacji forScience, gdzie anga\u017cuje si\u0119 w inicjatywy z pogranicza geografii i ekologii. Koordynuje i aktywnie uczestniczy w realizacji projektu S\u00f8rkapp Marine Litter Cleanup, kt\u00f3ry bierze na celownik problem \u015bmieci morskich na wybrze\u017cach Svalbardu. Jednocze\u015bnie, pracuje jako t\u0142umacz, wsp\u00f3\u0142pracuj\u0105c m.in. z Instytutem Geofizyki Polskiej Akademii Nauk.<\/p>\n<div>Strona Fundacji:\u00a0<a href=\"https:\/\/forscience.pl\/language\/pl\/\" target=\"_blank\" rel=\"noopener\" data-saferedirecturl=\"https:\/\/www.google.com\/url?q=https:\/\/forscience.pl\/language\/pl\/&amp;source=gmail&amp;ust=1616848203712000&amp;usg=AFQjCNGrpTplTt11chmakMpM9aWC6NJX7g\">https:\/\/forscience.pl\/<wbr \/>language\/pl\/<\/a><br \/>\nFacebook Fundacji:\u00a0<a href=\"https:\/\/www.facebook.com\/FundacjaforScience\" target=\"_blank\" rel=\"noopener\" data-saferedirecturl=\"https:\/\/www.google.com\/url?q=https:\/\/www.facebook.com\/FundacjaforScience&amp;source=gmail&amp;ust=1616848203712000&amp;usg=AFQjCNFKFNjHPXDdhfqlUQdLgeWuiMMmYw\">https:\/\/www.facebook.com\/<wbr \/>FundacjaforScience<\/a><\/div>\n<div><img class=\"alignnone  wp-image-2127 aligncenter\" src=\"http:\/\/3-lab.pl\/wp-content\/uploads\/2020\/01\/for_science.jpg\" alt=\"\" width=\"420\" height=\"272\" \/><\/div>","protected":false},"excerpt":{"rendered":"<p>Mi\u0142o nam poinformowa\u0107, \u017ce 22 kwietnia o godzinie 18:00 w ramach projektu &#8222;FUTURE&#8221; odb\u0119dzie si\u0119 wyk\u0142ad Pani Barbary J\u00f3\u017awiak z zaprzyja\u017anionej Fundacji forScience &#8222;Problem, kt\u00f3rego nie ma &#8211; czyli opowie\u015b\u0107 o \u015bmieciach&#8221;. BARBARA J\u00d3\u0179WIAK \u2013 niespokojny duch, mi\u0142o\u015bniczka dzikiej przyrody i samotnych wypraw w nieznane. Jako absolwentka Filologii Angielskiej na Uniwersytecie Gda\u0144skim, przez lata zwi\u0105zana [&hellip;]<\/p>","protected":false},"author":2,"featured_media":4351,"comment_status":"closed","ping_status":"closed","sticky":false,"template":"","format":"standard","meta":{"spay_email":""},"categories":[117,118,113],"tags":[],"jetpack_featured_media_url":"https:\/\/3-lab.pl\/wp-content\/uploads\/2021\/03\/profilowe_BJ-scaled.jpg","_links":{"self":[{"href":"https:\/\/3-lab.pl\/en\/wp-json\/wp\/v2\/posts\/4350"}],"collection":[{"href":"https:\/\/3-lab.pl\/en\/wp-json\/wp\/v2\/posts"}],"about":[{"href":"https:\/\/3-lab.pl\/en\/wp-json\/wp\/v2\/types\/post"}],"author":[{"embeddable":true,"href":"https:\/\/3-lab.pl\/en\/wp-json\/wp\/v2\/users\/2"}],"replies":[{"embeddable":true,"href":"https:\/\/3-lab.pl\/en\/wp-json\/wp\/v2\/comments?post=4350"}],"version-history":[{"count":1,"href":"https:\/\/3-lab.pl\/en\/wp-json\/wp\/v2\/posts\/4350\/revisions"}],"predecessor-version":[{"id":4352,"href":"https:\/\/3-lab.pl\/en\/wp-json\/wp\/v2\/posts\/4350\/revisions\/4352"}],"wp:featuredmedia":[{"embeddable":true,"href":"https:\/\/3-lab.pl\/en\/wp-json\/wp\/v2\/media\/4351"}],"wp:attachment":[{"href":"https:\/\/3-lab.pl\/en\/wp-json\/wp\/v2\/media?parent=4350"}],"wp:term":[{"taxonomy":"category","embeddable":true,"href":"https:\/\/3-lab.pl\/en\/wp-json\/wp\/v2\/categories?post=4350"},{"taxonomy":"post_tag","embeddable":true,"href":"https:\/\/3-lab.pl\/en\/wp-json\/wp\/v2\/tags?post=4350"}],"curies":[{"name":"wp","href":"https:\/\/api.w.org\/{rel}","templated":true}]}}