{"id":1403,"date":"2019-09-05T12:06:46","date_gmt":"2019-09-05T10:06:46","guid":{"rendered":"http:\/\/3-lab.pl\/?p=1403"},"modified":"2020-01-23T19:58:10","modified_gmt":"2020-01-23T18:58:10","slug":"osoby-wspierajace-realizacje-i-edycji-projektu-pan-stanislaw","status":"publish","type":"post","link":"https:\/\/3-lab.pl\/en\/2019\/09\/05\/osoby-wspierajace-realizacje-i-edycji-projektu-pan-stanislaw\/","title":{"rendered":"UCZESTNICY ORAZ OSOBY WSPIERAJ\u0104CE REALIZACJ\u0118 I EDYCJI PROJEKTU PAN STANIS\u0141AW"},"content":{"rendered":"<p><strong>Realizacja projektu \u201cPan Stanis\u0142aw &#8211; czyli szko\u0142a w kosmosie w latach\u201d 2015 \u2013 2019<\/strong><br \/>\n<strong>Gimnazjum nr 1 w L\u0119borku\u00a0 realizowana by\u0142a z uczniami rocznika 2000:<\/strong><\/p>\n<p>1. Gwiazda Jakub<\/p>\n<p>2. Halas Agata<\/p>\n<p>3. Jankowski Sebastian<\/p>\n<p>4. Kafarski Micha\u0142<\/p>\n<p>5. Kardas Ewa<\/p>\n<p>6. Kos Jakub<\/p>\n<p>7. Kosza\u0142ka Pawe\u0142<\/p>\n<p>8. Krefft Kordian<\/p>\n<p>9. \u0141ukaszewicz Micha\u0142<\/p>\n<p>10. Malek Rados\u0142aw<\/p>\n<p>11. Nastaj Rados\u0142aw<\/p>\n<p>12. Pawelczyk Jakub<\/p>\n<p>13. Pierkarski Jakub<\/p>\n<p>14. Pobrucki Micha\u0142<\/p>\n<p>15. Sawoniuk Przemys\u0142aw<\/p>\n<p>16. Schulz B\u0142a\u017cej<\/p>\n<p>17. Stolarczyk Marcin<\/p>\n<p>18. Walkusz Jakub<\/p>\n<p>19. Walkusz Jonatan<\/p>\n<p>20. Wardyn Aleksander<\/p>\n<p>21. Warmbier Karol<\/p>\n<p>22. W\u0119grzynek Jakub<\/p>\n<p>23. Zar\u0119ba Pawe\u0142<\/p>\n<p>24. Zieli\u0144ski Krzysztof<\/p>\n<p>25. Drewczy\u0144ski Aleksander<\/p>\n<p><strong>Przy realizacji projektu pracowali:<\/strong><\/p>\n<p><strong>Autorstwo i koordynacja:<\/strong><br \/>\n<strong>Anna Rzepa<\/strong> - throughout the course of the project a teacher in Junior High School no. 1 in L\u0119bork, currently a member of the Innovation Lab of High School no. 3 in Gdynia, an Ambassador of ESERO<br \/>\n<strong>Barbara Cie\u015blak<\/strong> &#8211; nauczycielka w Szkole Podstawowej nr 1 w L\u0119borku<\/p>\n<p><strong>Osoby wsp\u00f3\u0142pracuj\u0105ce w projekcie<\/strong>:<br \/>\nTomasz Zawistowski - throughout the course of the project the manager of the program Brite.pl, an employee of the Space Research Center in Warsaw,<br \/>\ncurrently a member of Creotech<br \/>\n2. dr Pawe\u0142 Lejba &#8211; Dyrektor Centrum Bada\u0144 Kosmicznych w Bor\u00f3wcu<br \/>\n3. Maciej Jakimiec &#8211; Prezes Fundacji Copernicus Project<br \/>\n4. Inna Uwarowa &#8211; koordynatorka projektu PW SAT 2<br \/>\n5.\u00a0 dr Adam Nawrot &#8211; fundacja for Science<br \/>\n6.\u00a0 dr Krzysztof Zawierucha &#8211; UAM Poznan<br \/>\n7. Tomasz Kozar &#8211;\u00a0 Microsoft<br \/>\n8. dr Agata Ko\u0142odziejczyk &#8211; UJ Krak\u00f3w<br \/>\n9. Sylwia Fr\u0105czkowska &#8211; Microsoft<br \/>\n12. Maciej Bara\u0144ski &#8211; Dyrekcja Gimnazjum nr 1<br \/>\n13. Andrzej P\u0142ocharski -Nauczyciel fizyki Gimnazjum nr 1 w L\u0119borku<br \/>\n14. Adrian Stawicki &#8211; Absolwent Gimnazjum nr 1 w L\u0119borku<br \/>\n17.\u00a0 Ignacy Rejmak &#8211; Nauczyciel fizyki Gimnazjum nr 1 w L\u0119borku<br \/>\n18. Izabella Woszczy\u0142o &#8211; Nauczyciel matematyki Gimnazjum nr 1 w L\u0119borku<br \/>\n19. Lucyna Racis -Nauczycielka geografii Gimnazjum nr 1 w L\u0119borku<br \/>\n20. Iwy Arendt &#8211; Nauczycielka biologii Gimnazjum nr 1 w L\u0119borku<br \/>\n21. Katarzyna Kurzyd\u0142o &#8211; Nauczycielka j. niemieckiego Gimnazjum nr 1 w L\u0119borku<\/p>","protected":false},"excerpt":{"rendered":"<p>Realizacja projektu \u201cPan Stanis\u0142aw &#8211; czyli szko\u0142a w kosmosie w latach\u201d 2015 \u2013 2019 Gimnazjum nr 1 w L\u0119borku\u00a0 realizowana by\u0142a z uczniami rocznika 2000: 1. Gwiazda Jakub 2. Halas Agata 3. Jankowski Sebastian 4. Kafarski Micha\u0142 5. Kardas Ewa 6. Kos Jakub 7. Kosza\u0142ka Pawe\u0142 8. Krefft Kordian 9. \u0141ukaszewicz Micha\u0142 10. Malek Rados\u0142aw [&hellip;]<\/p>","protected":false},"author":2,"featured_media":1225,"comment_status":"closed","ping_status":"closed","sticky":false,"template":"","format":"standard","meta":{"spay_email":""},"categories":[19,35,38],"tags":[],"jetpack_featured_media_url":"https:\/\/3-lab.pl\/wp-content\/uploads\/2019\/11\/pan-stanislaw.jpg","_links":{"self":[{"href":"https:\/\/3-lab.pl\/en\/wp-json\/wp\/v2\/posts\/1403"}],"collection":[{"href":"https:\/\/3-lab.pl\/en\/wp-json\/wp\/v2\/posts"}],"about":[{"href":"https:\/\/3-lab.pl\/en\/wp-json\/wp\/v2\/types\/post"}],"author":[{"embeddable":true,"href":"https:\/\/3-lab.pl\/en\/wp-json\/wp\/v2\/users\/2"}],"replies":[{"embeddable":true,"href":"https:\/\/3-lab.pl\/en\/wp-json\/wp\/v2\/comments?post=1403"}],"version-history":[{"count":5,"href":"https:\/\/3-lab.pl\/en\/wp-json\/wp\/v2\/posts\/1403\/revisions"}],"predecessor-version":[{"id":2197,"href":"https:\/\/3-lab.pl\/en\/wp-json\/wp\/v2\/posts\/1403\/revisions\/2197"}],"wp:featuredmedia":[{"embeddable":true,"href":"https:\/\/3-lab.pl\/en\/wp-json\/wp\/v2\/media\/1225"}],"wp:attachment":[{"href":"https:\/\/3-lab.pl\/en\/wp-json\/wp\/v2\/media?parent=1403"}],"wp:term":[{"taxonomy":"category","embeddable":true,"href":"https:\/\/3-lab.pl\/en\/wp-json\/wp\/v2\/categories?post=1403"},{"taxonomy":"post_tag","embeddable":true,"href":"https:\/\/3-lab.pl\/en\/wp-json\/wp\/v2\/tags?post=1403"}],"curies":[{"name":"wp","href":"https:\/\/api.w.org\/{rel}","templated":true}]}}