{"id":1369,"date":"2019-12-02T10:21:52","date_gmt":"2019-12-02T09:21:52","guid":{"rendered":"http:\/\/3-lab.pl\/?p=1369"},"modified":"2020-01-25T21:32:05","modified_gmt":"2020-01-25T20:32:05","slug":"1369","status":"publish","type":"post","link":"https:\/\/3-lab.pl\/en\/2019\/12\/02\/1369\/","title":{"rendered":"NEAR SPACE I DRONETECH, CZYLI WEEKEND W TORUNIU"},"content":{"rendered":"<p>W ostatni weekend zesp\u00f3l in\u017cynieryjny 3-SAT-u2 pojecha\u0142 do Torunia na targi dron\u00f3w ,,DroneTech&#8221; oraz na konferencj\u0119 ,,Near Space&#8221;.<\/p>\n<p>Na konferencji Dron &#8211; Tech odby\u0142a si\u0119 prelekcja projektu 3-SAT, prelegentka by\u0142a Pani Anna Rzepa, natomiast ze strony pierwszego projektu 3-SAT &#8211; Mateusz Mazurkiewicz oraz Jan Struzi\u0144ski.<\/p>\n<p>W pi\u0105tek na targach mieli\u015bmy okazj\u0119 zobaczy\u0107 mn\u00f3stwo ciekawych urz\u0105dze\u0144, mi\u0119dzy innymi nowoczesne drony, kamery termowizyjne oraz wiele innych sprz\u0119t\u00f3w. Wys\u0142uchali\u015bmy te\u017c wielu ciekawych wyk\u0142ad\u00f3w na temat odnajdywania os\u00f3b zaginionych u\u017cywaj\u0105c dron\u00f3w oraz prelekcji o dronach ga\u015bniczych, kt\u00f3ra mog\u0105 wspom\u00f3c stra\u017c po\u017carn\u0105. W sobot\u0119 z rana poszli\u015bmy na do M\u0142yna Wiedzy na konferencj\u0119 ,,Near Space&#8221;, gdzie uczesniczyli\u015bmy w wyk\u0142adzie o atmosferze i jej podziale, co na pewno przyda si\u0119 nam pospodczas pracy nad budow\u0105 drona stratosferycznego. Jako \u017ce czasu nie mieli\u015bmy za wiele, to postanowili\u015bmy szybko zwiedzi\u0107 centrum innowacji. Nie uda\u0142o nam si\u0119 to jednak w pe\u0142ni, poniewa\u017c nie mogli\u015bmy si\u0119 oprze\u0107 tr\u00f3jwymiarowym labiryntom dla kulek w strefie dla ma\u0142ych Einstein\u00f3w i zostali\u015bmy tam na d\u0142u\u017cej. Niestety musieli\u015bmy opu\u015bci\u0107 krain\u0119 \u0142amig\u0142owek i uda\u0107 si\u0119 ponownie na ,,DroneTech&#8221; gdzie uczyli\u015bmy si\u0119 lata\u0107 dronami. Oczywi\u015bcie m\u0142odzi in\u017cynierowie spisali si\u0119 na medal, a dzia\u0142 medialny udowodni\u0142, \u017ce te ma\u0142e maszyny przetrwaj\u0105 wszystko &#8211; l\u0105dowanie na lampie, upadki na ziemi\u0119 z r\u00f3\u017cnych wysoko\u015bci, wpadanie na ka\u017cd\u0105 \u015bcian\u0119&#8230; W ko\u0144cu technologia nie ka\u017cdego uwielbia. Kiedy przyspieszony kurs latania dobieg\u0142 ko\u0144ca udali\u015bmy si\u0119 na telekonferencj\u0119 z modu\u0142em in\u017cynieryjnym poprzedniej edycji naszego projektu. Poznali\u015bmy na niej szczeg\u00f3\u0142owo budow\u0119 Ikara &#8211; drona z 3-SAT-u 1. Na sam koniec obejrzeli\u015bmy wy\u015bcigi dron\u00f3w, kupili\u015bmy pierniki (no bo jak inaczej wyjecha\u0107 z Torunia) i wr\u00f3cili\u015bmy z powrotem do Gdyni. Mamy nadziej\u0119, \u017ce wiedza zdobyta w ci\u0105gu tych dw\u00f3ch dni przyda nam si\u0119 w projekcie i pomo\u017ce nam osi\u0105gn\u0105\u0107 co\u015b wspania\u0142ego.<\/p>\n<p>Bardzo dzi\u0119kujemy Panu Maciejowi Jakimiec z Fundacji Copernicus Project , za to, \u017ce przez tyle lat pami\u0119ta o zaproszeniu dla uczni\u00f3w bior\u0105cych udzia\u0142 w projektach kosmicznych.<\/p>\n<p>Karolina Kozikowska<\/p>","protected":false},"excerpt":{"rendered":"<p>W ostatni weekend zesp\u00f3l in\u017cynieryjny 3-SAT-u2 pojecha\u0142 do Torunia na targi dron\u00f3w ,,DroneTech&#8221; oraz na konferencj\u0119 ,,Near Space&#8221;. Na konferencji Dron &#8211; Tech odby\u0142a si\u0119 prelekcja projektu 3-SAT, prelegentka by\u0142a Pani Anna Rzepa, natomiast ze strony pierwszego projektu 3-SAT &#8211; Mateusz Mazurkiewicz oraz Jan Struzi\u0144ski. W pi\u0105tek na targach mieli\u015bmy okazj\u0119 zobaczy\u0107 mn\u00f3stwo ciekawych urz\u0105dze\u0144, [&hellip;]<\/p>","protected":false},"author":4,"featured_media":1509,"comment_status":"closed","ping_status":"closed","sticky":false,"template":"","format":"standard","meta":{"spay_email":""},"categories":[54,53],"tags":[],"jetpack_featured_media_url":"https:\/\/3-lab.pl\/wp-content\/uploads\/2019\/12\/NearSpace_1.jpg","_links":{"self":[{"href":"https:\/\/3-lab.pl\/en\/wp-json\/wp\/v2\/posts\/1369"}],"collection":[{"href":"https:\/\/3-lab.pl\/en\/wp-json\/wp\/v2\/posts"}],"about":[{"href":"https:\/\/3-lab.pl\/en\/wp-json\/wp\/v2\/types\/post"}],"author":[{"embeddable":true,"href":"https:\/\/3-lab.pl\/en\/wp-json\/wp\/v2\/users\/4"}],"replies":[{"embeddable":true,"href":"https:\/\/3-lab.pl\/en\/wp-json\/wp\/v2\/comments?post=1369"}],"version-history":[{"count":10,"href":"https:\/\/3-lab.pl\/en\/wp-json\/wp\/v2\/posts\/1369\/revisions"}],"predecessor-version":[{"id":2273,"href":"https:\/\/3-lab.pl\/en\/wp-json\/wp\/v2\/posts\/1369\/revisions\/2273"}],"wp:featuredmedia":[{"embeddable":true,"href":"https:\/\/3-lab.pl\/en\/wp-json\/wp\/v2\/media\/1509"}],"wp:attachment":[{"href":"https:\/\/3-lab.pl\/en\/wp-json\/wp\/v2\/media?parent=1369"}],"wp:term":[{"taxonomy":"category","embeddable":true,"href":"https:\/\/3-lab.pl\/en\/wp-json\/wp\/v2\/categories?post=1369"},{"taxonomy":"post_tag","embeddable":true,"href":"https:\/\/3-lab.pl\/en\/wp-json\/wp\/v2\/tags?post=1369"}],"curies":[{"name":"wp","href":"https:\/\/api.w.org\/{rel}","templated":true}]}}